{"id":48907,"date":"2013-01-01T15:36:38","date_gmt":"2013-01-01T17:36:38","guid":{"rendered":"https:\/\/jundiai.sp.gov.br\/noticias\/?p=48907"},"modified":"2016-11-30T11:24:44","modified_gmt":"2016-11-30T13:24:44","slug":"governo-bigardi-tem-inicio-com-posse-historica","status":"publish","type":"post","link":"https:\/\/jundiai.sp.gov.br\/noticias\/2013\/01\/01\/governo-bigardi-tem-inicio-com-posse-historica\/","title":{"rendered":"Governo Bigardi tem in\u00edcio com posse hist\u00f3rica"},"content":{"rendered":"<p>Cerca de 3 mil pessoas prestigiaram o evento de posse do prefeito Pedro Bigardi, nesta ter\u00e7a-feira (1), na Pra\u00e7a da Liberdade, em frente ao Pa\u00e7o Municipal. A solenidade contou com o ato ecum\u00eanico, presidido pelo reverendo Maur\u00edcio Silva de Ara\u00fajo e pelo bispo diocesano de Jundia\u00ed, dom Vicente Costa. Em ambas as mensagens e preces, os religiosos destacaram a import\u00e2ncia do trabalho do homem pol\u00edtico em projetos para a sociedade.<\/p>\n<div style=\"width: 410px\" class=\"wp-caption alignright\"><img decoding=\"async\" class=\"alignright size-medium wp-image-50451\" src=\"https:\/\/jundiai.sp.gov.br\/noticias\/wp-content\/uploads\/sites\/32\/2013\/01\/Governo-Bigardi-01.jpg\" alt=\"Evento contou com forte participa\u00e7\u00e3o popular na Pra\u00e7a da Liberdade\" width=\"400\" \/><p class=\"wp-caption-text\">Evento contou com forte participa\u00e7\u00e3o popular na Pra\u00e7a da Liberdade<\/p><\/div>\n<p><strong>Leia tamb\u00e9m<\/strong><br \/>\n<strong><a title=\"Chegada de Pedro Bigardi \u00e9 aplaudida pelos servidores\" href=\"https:\/\/jundiai.sp.gov.br\/noticias\/2013\/01\/chegada-de-pedro-bigardi-aplaudida-pelos-servidores\/\">Chegada de Pedro Bigardi \u00e9 aplaudida pelos servidores<\/a><\/strong><\/p>\n<p>Durval Orlato foi o primeiro a conversar com o p\u00fablico. Agradeceu a popula\u00e7\u00e3o por ter se deslocado de casa para prestigiar a posse. Narrou sobre a trajet\u00f3ria pol\u00edtica e como foi a caminhada de Pedro Bigardi at\u00e9 ser eleito prefeito de Jundia\u00ed. O vice agradeceu tamb\u00e9m \u00e0 mulher, Maria Eug\u00eania, pelo apoio constante e fez uma das cita\u00e7\u00f5es de Santo Agostinho sobre a import\u00e2ncia da solidariedade nas a\u00e7\u00f5es p\u00fablicas.<\/p>\n<p><strong>Emo\u00e7\u00e3o<\/strong><br \/>\nO prefeito Pedro Bigardi subiu ao parlat\u00f3rio com a esposa Margarete e a filha Patr\u00edcia. Com um discurso recheado de boas lembran\u00e7as da caminhada pol\u00edtica, pediu licen\u00e7a ap\u00f3s aos agradecimentos ao p\u00fablico e autoridades para ressaltar a inspira\u00e7\u00e3o que os \u201cAnt\u00f4nios\u201d tiveram em sua vida.<\/p>\n<p>\u201cSe Pedro \u00e9 Antonio, Antonio \u00e9 Bigardi, Antonio \u00e9 Galdino, alguma coisa se misturou a\u00ed na forma\u00e7\u00e3o que meu pai (Antonio Bigardi) me deu e o caminho que Antonio, \u2018o Galdino\u2019 (ex-vereador) sugeriu. Este sonho tamb\u00e9m \u00e9 de voc\u00eas: Antonio Bigardi e Antonio Galdino\u201d, comentou.<\/p>\n<div id=\"attachment_50452\" style=\"width: 410px\" class=\"wp-caption alignleft\"><img decoding=\"async\" aria-describedby=\"caption-attachment-50452\" class=\"size-full wp-image-50452\" src=\"https:\/\/jundiai.sp.gov.br\/noticias\/wp-content\/uploads\/sites\/32\/2013\/01\/Governo-Bigardi-02.jpg\" alt=\"O novo prefeito Pedro Bigardi assina a transmiss\u00e3o de cargo\" width=\"400\" \/><p id=\"caption-attachment-50452\" class=\"wp-caption-text\">O novo prefeito Pedro Bigardi assina a transmiss\u00e3o de cargo<\/p><\/div>\n<p>Al\u00e9m de ressaltar a presen\u00e7a do mentor Galdino, Bigardi tamb\u00e9m n\u00e3o esqueceu do amigo Eraz\u00ea Martinho, ex-vereador que foi a sua inspira\u00e7\u00e3o na caminhada p\u00fablica. \u201cEle me ensinou que sem os sonhos a vida n\u00e3o tem sentido. Hoje realizamos mais um sonho, amigo Eraz\u00ea.\u201d Lembrou tamb\u00e9m no discurso do tempo que ele passou como funcion\u00e1rio p\u00fablico, dos projetos para as submoradias e da participa\u00e7\u00e3o do Plano Diretor do munic\u00edpio.<\/p>\n<p>O novo prefeito de Jundia\u00ed, eleito com 139.614 votos, encerrou o discurso ressaltando a alegria que tomou as ruas ap\u00f3s a vit\u00f3ria nas urnas. \u201cA chuva que lavou a alma e se misturou \u00e0s l\u00e1grimas&#8230; A chuva se misturou com as l\u00e1grimas no rosto da Patr\u00edcia e da Margarete e, olhando ao redor das minhas duas meninas, eu vi meus irm\u00e3os, meus amigos, eu vi uma multid\u00e3o que agora tamb\u00e9m \u00e9 minha fam\u00edlia. Obrigado, Jundia\u00ed, e que Deus aben\u00e7oe a todos\u201d, concluiu.<\/p>\n<p>Antes da posse na Pra\u00e7a da Liberdade, o prefeito Bigardi, o vice Durval Orlato e os 19 vereadores tomaram posse durante solenidade na C\u00e2mara Municipal.<\/p>\n<p><em><strong>Fotos: Cleber de Almeida<\/strong><\/em><\/p>\n","protected":false},"excerpt":{"rendered":"<p>Aproximadamente 3 mil pessoas estiveram presentes em cerim\u00f4nia in\u00e9dita na cidade<\/p>\n","protected":false},"author":10,"featured_media":48908,"comment_status":"closed","ping_status":"closed","sticky":false,"template":"","format":"standard","meta":{"footnotes":""},"categories":[2],"tags":[],"ods":[],"class_list":["post-48907","post","type-post","status-publish","format-standard","has-post-thumbnail","hentry","category-noticias"],"_links":{"self":[{"href":"https:\/\/jundiai.sp.gov.br\/noticias\/wp-json\/wp\/v2\/posts\/48907","targetHints":{"allow":["GET"]}}],"collection":[{"href":"https:\/\/jundiai.sp.gov.br\/noticias\/wp-json\/wp\/v2\/posts"}],"about":[{"href":"https:\/\/jundiai.sp.gov.br\/noticias\/wp-json\/wp\/v2\/types\/post"}],"author":[{"embeddable":true,"href":"https:\/\/jundiai.sp.gov.br\/noticias\/wp-json\/wp\/v2\/users\/10"}],"replies":[{"embeddable":true,"href":"https:\/\/jundiai.sp.gov.br\/noticias\/wp-json\/wp\/v2\/comments?post=48907"}],"version-history":[{"count":3,"href":"https:\/\/jundiai.sp.gov.br\/noticias\/wp-json\/wp\/v2\/posts\/48907\/revisions"}],"predecessor-version":[{"id":375623,"href":"https:\/\/jundiai.sp.gov.br\/noticias\/wp-json\/wp\/v2\/posts\/48907\/revisions\/375623"}],"wp:featuredmedia":[{"embeddable":true,"href":"https:\/\/jundiai.sp.gov.br\/noticias\/wp-json\/"}],"wp:attachment":[{"href":"https:\/\/jundiai.sp.gov.br\/noticias\/wp-json\/wp\/v2\/media?parent=48907"}],"wp:term":[{"taxonomy":"category","embeddable":true,"href":"https:\/\/jundiai.sp.gov.br\/noticias\/wp-json\/wp\/v2\/categories?post=48907"},{"taxonomy":"post_tag","embeddable":true,"href":"https:\/\/jundiai.sp.gov.br\/noticias\/wp-json\/wp\/v2\/tags?post=48907"},{"taxonomy":"ods","embeddable":true,"href":"https:\/\/jundiai.sp.gov.br\/noticias\/wp-json\/wp\/v2\/ods?post=48907"}],"curies":[{"name":"wp","href":"https:\/\/api.w.org\/{rel}","templated":true}]}}