{"id":48926,"date":"2013-01-02T13:46:46","date_gmt":"2013-01-02T15:46:46","guid":{"rendered":"https:\/\/jundiai.sp.gov.br\/noticias\/?p=48926"},"modified":"2016-11-30T11:24:54","modified_gmt":"2016-11-30T13:24:54","slug":"chegada-de-pedro-bigardi-aplaudida-pelos-servidores","status":"publish","type":"post","link":"https:\/\/jundiai.sp.gov.br\/noticias\/2013\/01\/02\/chegada-de-pedro-bigardi-aplaudida-pelos-servidores\/","title":{"rendered":"Chegada de Pedro Bigardi \u00e9 aplaudida pelos servidores"},"content":{"rendered":"<p>O prefeito Pedro Bigardi foi recebido com uma salva de palmas pelos servidores p\u00fablicos nesta quarta-feira (2), primeiro dia de trabalho. Acompanhado da mulher, Margarete Geraldo Bigardi, o chefe do Executivo entrou na Prefeitura de Jundia\u00ed pela porta da frente, cumprimentando mun\u00edcipes e funcion\u00e1rios.<\/p>\n<div id=\"attachment_139307\" style=\"width: 730px\" class=\"wp-caption aligncenter\"><a href=\"https:\/\/jundiai.sp.gov.br\/noticias\/wp-content\/uploads\/sites\/32\/2013\/01\/chegada_prefeito_ao_paco_c_42_G.jpg\"><img loading=\"lazy\" decoding=\"async\" aria-describedby=\"caption-attachment-139307\" src=\"https:\/\/jundiai.sp.gov.br\/noticias\/wp-content\/uploads\/sites\/32\/2013\/01\/chegada_prefeito_ao_paco_c_42_G.jpg\" alt=\"Servidores receberam o novo prefeito com palmas\" width=\"720\" height=\"513\" class=\"size-full wp-image-139307\" srcset=\"https:\/\/jundiai.sp.gov.br\/noticias\/wp-content\/uploads\/sites\/32\/2013\/01\/chegada_prefeito_ao_paco_c_42_G.jpg 1240w, https:\/\/jundiai.sp.gov.br\/noticias\/wp-content\/uploads\/sites\/32\/2013\/01\/chegada_prefeito_ao_paco_c_42_G-300x213.jpg 300w, https:\/\/jundiai.sp.gov.br\/noticias\/wp-content\/uploads\/sites\/32\/2013\/01\/chegada_prefeito_ao_paco_c_42_G-720x513.jpg 720w\" sizes=\"auto, (max-width: 720px) 100vw, 720px\" \/><\/a><p id=\"caption-attachment-139307\" class=\"wp-caption-text\">Servidores receberam o novo prefeito com palmas<\/p><\/div>\n<p>O primeiro dia \u00fatil da nova administra\u00e7\u00e3o foi tamb\u00e9m registrado pela imprensa desde a Pra\u00e7a da Liberdade (local onde foi realizada a <a href=\"https:\/\/jundiai.sp.gov.br\/noticias\/2013\/01\/governo-bigardi-tem-inicio-com-posse-historica\/\" title=\"Governo Bigardi tem in\u00edcio com posse hist\u00f3rica\">cerim\u00f4nia de posse do prefeito<\/a>) at\u00e9 o gabinete, no 8\u00ba andar. De portas abertas, Bigardi recebeu os jornalistas e conversou sobre o retorno ao Pa\u00e7o Municipal e tamb\u00e9m as primeiras a\u00e7\u00f5es a serem tomadas, como a quest\u00e3o das \u00e1reas de risco para o plano de a\u00e7\u00e3o de chuvas, da coleta de lixo, manuten\u00e7\u00e3o de parques, pra\u00e7as e canteiros, al\u00e9m da 30\u00aa Festa da Uva, que acontece em duas semanas.<\/p>\n<p>Ap\u00f3s o atendimento \u00e0 imprensa, o prefeito se reuniu com o secret\u00e1rio de Comunica\u00e7\u00e3o, Cristiano Guimar\u00e3es, para a primeira reuni\u00e3o do dia, empregando o tom de dinamismo que dar\u00e1 \u00e0 administra\u00e7\u00e3o p\u00fablica de Jundia\u00ed.<\/p>\n<p><strong>CIJUN<\/strong><br \/>\nAinda no per\u00edodo da manh\u00e3, Bigardi participou da elei\u00e7\u00e3o dos Conselhos Administrativo e Fiscal da Cijun (Companhia de Inform\u00e1tica de Jundia\u00ed).<\/p>\n<p><strong><em>Fotos: Cleber de Almeida<\/em><\/strong><\/p>\n","protected":false},"excerpt":{"rendered":"<p>Novo prefeito entrou pela porta principal do Pa\u00e7o acompanhado da mulher Margarete<\/p>\n","protected":false},"author":10,"featured_media":48929,"comment_status":"closed","ping_status":"closed","sticky":false,"template":"","format":"standard","meta":{"footnotes":""},"categories":[2],"tags":[],"ods":[],"class_list":["post-48926","post","type-post","status-publish","format-standard","has-post-thumbnail","hentry","category-noticias"],"_links":{"self":[{"href":"https:\/\/jundiai.sp.gov.br\/noticias\/wp-json\/wp\/v2\/posts\/48926","targetHints":{"allow":["GET"]}}],"collection":[{"href":"https:\/\/jundiai.sp.gov.br\/noticias\/wp-json\/wp\/v2\/posts"}],"about":[{"href":"https:\/\/jundiai.sp.gov.br\/noticias\/wp-json\/wp\/v2\/types\/post"}],"author":[{"embeddable":true,"href":"https:\/\/jundiai.sp.gov.br\/noticias\/wp-json\/wp\/v2\/users\/10"}],"replies":[{"embeddable":true,"href":"https:\/\/jundiai.sp.gov.br\/noticias\/wp-json\/wp\/v2\/comments?post=48926"}],"version-history":[{"count":2,"href":"https:\/\/jundiai.sp.gov.br\/noticias\/wp-json\/wp\/v2\/posts\/48926\/revisions"}],"predecessor-version":[{"id":139308,"href":"https:\/\/jundiai.sp.gov.br\/noticias\/wp-json\/wp\/v2\/posts\/48926\/revisions\/139308"}],"wp:featuredmedia":[{"embeddable":true,"href":"https:\/\/jundiai.sp.gov.br\/noticias\/wp-json\/"}],"wp:attachment":[{"href":"https:\/\/jundiai.sp.gov.br\/noticias\/wp-json\/wp\/v2\/media?parent=48926"}],"wp:term":[{"taxonomy":"category","embeddable":true,"href":"https:\/\/jundiai.sp.gov.br\/noticias\/wp-json\/wp\/v2\/categories?post=48926"},{"taxonomy":"post_tag","embeddable":true,"href":"https:\/\/jundiai.sp.gov.br\/noticias\/wp-json\/wp\/v2\/tags?post=48926"},{"taxonomy":"ods","embeddable":true,"href":"https:\/\/jundiai.sp.gov.br\/noticias\/wp-json\/wp\/v2\/ods?post=48926"}],"curies":[{"name":"wp","href":"https:\/\/api.w.org\/{rel}","templated":true}]}}