{"id":48948,"date":"2013-01-02T16:42:28","date_gmt":"2013-01-02T19:42:28","guid":{"rendered":"https:\/\/jundiai.sp.gov.br\/noticias\/?p=48948"},"modified":"2016-11-30T11:24:54","modified_gmt":"2016-11-30T13:24:54","slug":"primeira-dama-tem-pressa-para-iniciar-cursos-no-funss","status":"publish","type":"post","link":"https:\/\/jundiai.sp.gov.br\/noticias\/2013\/01\/02\/primeira-dama-tem-pressa-para-iniciar-cursos-no-funss\/","title":{"rendered":"Primeira-dama tem pressa para iniciar cursos no Funss"},"content":{"rendered":"<p>Depois de acompanhar o prefeito Pedro Bigardi ao Pa\u00e7o Municipal, nesta quarta-feira (2), a primeira-dama Margarete Geraldo Bigardi iniciou seu trabalho \u00e0 frente do Funss (Fundo Social de Solidariedade). Ela foi recebida na porta pelos funcion\u00e1rios.<\/p>\n<p>Em tom descontra\u00eddo, Margarete realizou a primeira reuni\u00e3o com a equipe. \u201cEstamos aqui para fazer um trabalho bonito, valorizar as pessoas. Espero t\u00ea-los como parceiros. Tenham a liberdade de vir falar o que for preciso. Vamos come\u00e7ar o nosso trabalho j\u00e1\u201d, disse, bastante animada.<\/p>\n<p><strong>Leia tamb\u00e9m<\/strong><br \/>\n<strong><a href=\"https:\/\/jundiai.sp.gov.br\/noticias\/2013\/01\/chegada-de-pedro-bigardi-aplaudida-pelos-servidores\/\" title=\"Chegada de Pedro Bigardi \u00e9 aplaudida pelos servidores\">Chegada de Pedro Bigardi \u00e9 aplaudida pelos servidores<\/a><\/strong><br \/>\n<strong><a href=\"https:\/\/jundiai.sp.gov.br\/noticias\/2013\/01\/governo-bigardi-tem-inicio-com-posse-historica\/\" title=\"Governo Bigardi tem in\u00edcio com posse hist\u00f3rica\">Governo Bigardi tem posse hist\u00f3rica<\/a><\/strong><\/p>\n<p>Uma das principais preocupa\u00e7\u00f5es da presidente do Funss \u00e9 dar continuidade aos cursos oferecidos para a comunidade. Nos pr\u00f3ximos dias, j\u00e1 deve ser definida uma data para o in\u00edcio das inscri\u00e7\u00f5es e das atividades oferecidas. \u201cPor enquanto, daremos continuidade ao que j\u00e1 existe. Com o tempo, vamos expandir e ampliar a gama de cursos\u201d, destacou.<\/p>\n<p>Margarete tamb\u00e9m adiantou que tem pressa para dar andamento a algumas campanhas, como a arrecada\u00e7\u00e3o de material escolar, e colocar em pr\u00e1tica projetos como a Feira da Amizade.<\/p>\n<p>Outras prioridades s\u00e3o as parcerias com as entidades sociais do munic\u00edpio e o estudo para a mudan\u00e7a de endere\u00e7o da sede da entidade. \u201cHoje, estamos em um espa\u00e7o com escadas. A ideia \u00e9 irmos para um local com acessibilidade total.\u201d<\/p>\n<p><strong><em>Fotos: Fot\u00f3grafos PMJ<\/em><\/strong><\/p>\n","protected":false},"excerpt":{"rendered":"<p>O objetivo, al\u00e9m de dar sequ\u00eancia \u00e0s aulas j\u00e1 existentes, \u00e9 ampliar o leque de disciplinas oferecidas<\/p>\n","protected":false},"author":10,"featured_media":48949,"comment_status":"closed","ping_status":"closed","sticky":false,"template":"","format":"standard","meta":{"footnotes":""},"categories":[2],"tags":[],"ods":[],"class_list":["post-48948","post","type-post","status-publish","format-standard","has-post-thumbnail","hentry","category-noticias"],"_links":{"self":[{"href":"https:\/\/jundiai.sp.gov.br\/noticias\/wp-json\/wp\/v2\/posts\/48948","targetHints":{"allow":["GET"]}}],"collection":[{"href":"https:\/\/jundiai.sp.gov.br\/noticias\/wp-json\/wp\/v2\/posts"}],"about":[{"href":"https:\/\/jundiai.sp.gov.br\/noticias\/wp-json\/wp\/v2\/types\/post"}],"author":[{"embeddable":true,"href":"https:\/\/jundiai.sp.gov.br\/noticias\/wp-json\/wp\/v2\/users\/10"}],"replies":[{"embeddable":true,"href":"https:\/\/jundiai.sp.gov.br\/noticias\/wp-json\/wp\/v2\/comments?post=48948"}],"version-history":[{"count":1,"href":"https:\/\/jundiai.sp.gov.br\/noticias\/wp-json\/wp\/v2\/posts\/48948\/revisions"}],"predecessor-version":[{"id":181376,"href":"https:\/\/jundiai.sp.gov.br\/noticias\/wp-json\/wp\/v2\/posts\/48948\/revisions\/181376"}],"wp:featuredmedia":[{"embeddable":true,"href":"https:\/\/jundiai.sp.gov.br\/noticias\/wp-json\/"}],"wp:attachment":[{"href":"https:\/\/jundiai.sp.gov.br\/noticias\/wp-json\/wp\/v2\/media?parent=48948"}],"wp:term":[{"taxonomy":"category","embeddable":true,"href":"https:\/\/jundiai.sp.gov.br\/noticias\/wp-json\/wp\/v2\/categories?post=48948"},{"taxonomy":"post_tag","embeddable":true,"href":"https:\/\/jundiai.sp.gov.br\/noticias\/wp-json\/wp\/v2\/tags?post=48948"},{"taxonomy":"ods","embeddable":true,"href":"https:\/\/jundiai.sp.gov.br\/noticias\/wp-json\/wp\/v2\/ods?post=48948"}],"curies":[{"name":"wp","href":"https:\/\/api.w.org\/{rel}","templated":true}]}}