{"id":48964,"date":"2013-01-02T18:00:09","date_gmt":"2013-01-02T20:00:09","guid":{"rendered":"https:\/\/jundiai.sp.gov.br\/noticias\/?p=48964"},"modified":"2016-11-30T11:24:54","modified_gmt":"2016-11-30T13:24:54","slug":"bigardi-anuncia-manutencao-de-pracas-e-canteiros","status":"publish","type":"post","link":"https:\/\/jundiai.sp.gov.br\/noticias\/2013\/01\/02\/bigardi-anuncia-manutencao-de-pracas-e-canteiros\/","title":{"rendered":"Bigardi anuncia manuten\u00e7\u00e3o de pra\u00e7as e canteiros"},"content":{"rendered":"<p>Em reuni\u00e3o realizada na tarde desta quarta-feira (2), entre o prefeito Pedro Bigardi e o secret\u00e1rio de Servi\u00e7os P\u00fablicos, Aguinaldo Leite, foi anunciado um plano emergencial para o servi\u00e7o de manuten\u00e7\u00e3o de pra\u00e7as, canteiros e parques da cidade. O encontro foi acompanhado pela imprensa e contou com a participa\u00e7\u00e3o de Francisco Mazzotti, gerente de opera\u00e7\u00f5es da empresa Tejofran, respons\u00e1vel pela coleta, e do coordenador de obras da Construtora Gomes Louren\u00e7o, Roberto Pozzani.<\/p>\n<p><strong>Leia tamb\u00e9m<\/strong><br \/>\n<strong><a href=\"https:\/\/jundiai.sp.gov.br\/noticias\/2013\/01\/primeira-dama-tem-pressa-para-iniciar-cursos-no-funss\/\" title=\"Primeira-dama tem pressa para iniciar cursos no Funss\">Primeira-dama tem pressa para iniciar cursos no Funss<\/a><\/strong><br \/>\n<strong><a href=\"https:\/\/jundiai.sp.gov.br\/noticias\/2013\/01\/chegada-de-pedro-bigardi-aplaudida-pelos-servidores\/\" title=\"Chegada de Pedro Bigardi \u00e9 aplaudida pelos servidores\">Chegada de Pedro Bigardi \u00e9 aplaudida pelos servidores<\/a><\/strong><\/p>\n<div id=\"attachment_139304\" style=\"width: 410px\" class=\"wp-caption alignleft\"><a href=\"https:\/\/jundiai.sp.gov.br\/noticias\/wp-content\/uploads\/sites\/32\/2013\/01\/coletiva_servi\u00e7ospublicos_p_10G.jpg\"><img loading=\"lazy\" decoding=\"async\" aria-describedby=\"caption-attachment-139304\" src=\"https:\/\/jundiai.sp.gov.br\/noticias\/wp-content\/uploads\/sites\/32\/2013\/01\/coletiva_servi\u00e7ospublicos_p_10G.jpg\" alt=\"Bigardi anunciou o plano emergencial e a substitui\u00e7\u00e3o de seis caminh\u00f5es de coleta de lixo\" width=\"400\" height=\"400\" class=\"size-full wp-image-139304\" \/><\/a><p id=\"caption-attachment-139304\" class=\"wp-caption-text\">Bigardi anunciou o plano emergencial e a substitui\u00e7\u00e3o de seis caminh\u00f5es de coleta de lixo<\/p><\/div>\n<p>\u201cFizemos uma reuni\u00e3o com os representantes das empresas para um plano emergencial, pois em janeiro e fevereiro, devido \u00e0s chuvas, o crescimento do mato nos parques, pra\u00e7as e canteiros \u00e9 r\u00e1pido\u201d, comentou Bigardi. A expectativa, segundo Mazzotti, \u00e9 que em 30 dias seja conclu\u00eddo todo o trabalho.<\/p>\n<p>Bigardi tamb\u00e9m anunciou a substitui\u00e7\u00e3o de seis novos caminh\u00f5es de coleta de lixo. A frota hoje \u00e9 de 12 ve\u00edculos. Segundo Mazzotti, a quantidade de res\u00edduos dom\u00e9sticos em dezembro dobrou.<\/p>\n<p>Ele atribui esta marca ao crescimento do poder aquisitivo. \u201cH\u00e1 bairros na cidade que eram feitas tr\u00eas viagens di\u00e1rias dos caminh\u00f5es e agora s\u00e3o realizadas seis\u201d, comentou.<\/p>\n<p><strong>Contratos <\/strong><br \/>\nOutro ponto observado pelo prefeito foi que os contratos emergenciais firmados desde 2008 e seguidos pela administra\u00e7\u00e3o anterior n\u00e3o acompanharam o crescimento e o desenvolvimento do munic\u00edpio e precisam ser revistos. \u201cO contrato foi prorrogado novamente em dezembro de 2012 pela gest\u00e3o passada. Estamos analisando com as empresas de como fazer mais com o mesmo contrato\u201d, comentou Aguinaldo Leite.<\/p>\n<p><strong><em>Fotos: Divulga\u00e7\u00e3o<\/em><\/strong><\/p>\n","protected":false},"excerpt":{"rendered":"<p><!--:pt-->A\u00e7\u00e3o deve ser conclu\u00edda em at\u00e9 30 dias; seis caminh\u00f5es de coleta j\u00e1 foram substitu\u00eddos   <!--:--><\/p>\n","protected":false},"author":10,"featured_media":48967,"comment_status":"closed","ping_status":"closed","sticky":false,"template":"","format":"standard","meta":{"footnotes":""},"categories":[2],"tags":[],"ods":[],"class_list":["post-48964","post","type-post","status-publish","format-standard","has-post-thumbnail","hentry","category-noticias"],"_links":{"self":[{"href":"https:\/\/jundiai.sp.gov.br\/noticias\/wp-json\/wp\/v2\/posts\/48964","targetHints":{"allow":["GET"]}}],"collection":[{"href":"https:\/\/jundiai.sp.gov.br\/noticias\/wp-json\/wp\/v2\/posts"}],"about":[{"href":"https:\/\/jundiai.sp.gov.br\/noticias\/wp-json\/wp\/v2\/types\/post"}],"author":[{"embeddable":true,"href":"https:\/\/jundiai.sp.gov.br\/noticias\/wp-json\/wp\/v2\/users\/10"}],"replies":[{"embeddable":true,"href":"https:\/\/jundiai.sp.gov.br\/noticias\/wp-json\/wp\/v2\/comments?post=48964"}],"version-history":[{"count":2,"href":"https:\/\/jundiai.sp.gov.br\/noticias\/wp-json\/wp\/v2\/posts\/48964\/revisions"}],"predecessor-version":[{"id":139306,"href":"https:\/\/jundiai.sp.gov.br\/noticias\/wp-json\/wp\/v2\/posts\/48964\/revisions\/139306"}],"wp:featuredmedia":[{"embeddable":true,"href":"https:\/\/jundiai.sp.gov.br\/noticias\/wp-json\/"}],"wp:attachment":[{"href":"https:\/\/jundiai.sp.gov.br\/noticias\/wp-json\/wp\/v2\/media?parent=48964"}],"wp:term":[{"taxonomy":"category","embeddable":true,"href":"https:\/\/jundiai.sp.gov.br\/noticias\/wp-json\/wp\/v2\/categories?post=48964"},{"taxonomy":"post_tag","embeddable":true,"href":"https:\/\/jundiai.sp.gov.br\/noticias\/wp-json\/wp\/v2\/tags?post=48964"},{"taxonomy":"ods","embeddable":true,"href":"https:\/\/jundiai.sp.gov.br\/noticias\/wp-json\/wp\/v2\/ods?post=48964"}],"curies":[{"name":"wp","href":"https:\/\/api.w.org\/{rel}","templated":true}]}}