{"id":49011,"date":"2013-01-03T18:16:52","date_gmt":"2013-01-03T20:16:52","guid":{"rendered":"https:\/\/jundiai.sp.gov.br\/noticias\/?p=49011"},"modified":"2016-11-30T11:24:55","modified_gmt":"2016-11-30T13:24:55","slug":"em-de-60-dias-jundiai-tera-mini-hospital","status":"publish","type":"post","link":"https:\/\/jundiai.sp.gov.br\/noticias\/2013\/01\/03\/em-de-60-dias-jundiai-tera-mini-hospital\/","title":{"rendered":"Jundia\u00ed ter\u00e1 mini hospital"},"content":{"rendered":"<p>Em algumas semanas, os usu\u00e1rios do Hospital S\u00e3o Vicente de Paulo ter\u00e3o uma inova\u00e7\u00e3o na presta\u00e7\u00e3o do servi\u00e7o. Em visita ao complexo hospitalar, acompanhado pelo secret\u00e1rio de Sa\u00fade, Cl\u00e1udio Miranda, e do diretor Gerson Vilhena Pereira Filho, na tarde desta quinta-feira (3), o prefeito Pedro Bigardi anunciou que o Pronto-Atendimento trocar\u00e1 de lugar com a UBS (Unidade B\u00e1sica de Sa\u00fade) do Centro, tamb\u00e9m localizada naquela \u00e1rea central. Com esta simples a\u00e7\u00e3o, a cidade contar\u00e1 com mais 12 leitos de observa\u00e7\u00e3o e cerca de 30 para interna\u00e7\u00f5es, propiciando um \u201cmini hospital\u201d.<\/p>\n<p><strong>Leia tamb\u00e9m<\/strong><br \/>\n<strong><a href=\"https:\/\/jundiai.sp.gov.br\/noticias\/2013\/01\/bigardi-inicia-estudo-para-a-construcao-de-novo-hospital\/\" title=\"Estudo para novo hospital tem in\u00edcio\">Bigardi inicia estudo para a constru\u00e7\u00e3o de novo hospital<\/a><\/strong><\/p>\n<div id=\"attachment_139301\" style=\"width: 730px\" class=\"wp-caption aligncenter\"><a href=\"https:\/\/jundiai.sp.gov.br\/noticias\/wp-content\/uploads\/sites\/32\/2013\/01\/prefeito_visita_ubs_central_d178g.jpg\"><img loading=\"lazy\" decoding=\"async\" aria-describedby=\"caption-attachment-139301\" src=\"https:\/\/jundiai.sp.gov.br\/noticias\/wp-content\/uploads\/sites\/32\/2013\/01\/prefeito_visita_ubs_central_d178g.jpg\" alt=\"Na UBS Central, Bigardi conversou com o p\u00fablico e apresentou a ideia do mini hospital\" width=\"720\" height=\"513\" class=\"size-full wp-image-139301\" \/><\/a><p id=\"caption-attachment-139301\" class=\"wp-caption-text\">Na UBS Central, Bigardi conversou com o p\u00fablico e apresentou a ideia do mini hospital<\/p><\/div>\n<p>No PA, Bigardi visitou os consult\u00f3rios e seguiu para o pr\u00e9dio da UBS Central. \u201cS\u00e3o 1,6 mil m\u00b2 com a estrutura praticamente pronta. Aqui come\u00e7ou a funcionar a Casa de Sa\u00fade Domingos Anast\u00e1cio. N\u00e3o d\u00e1 mais para continuar o S\u00e3o Vicente nesta situa\u00e7\u00e3o. Est\u00e1 tudo amontoado\u201d, comentou Bigardi. Outra novidade \u00e9 que o PA funcionar\u00e1 24 horas.<\/p>\n<p><strong>Adapta\u00e7\u00f5es<\/strong><br \/>\nO secret\u00e1rio Cl\u00e1udio Miranda frisou que algumas adapta\u00e7\u00f5es ser\u00e3o necess\u00e1rias. \u201cA ala de atendimento de emerg\u00eancia oferecer\u00e1 12 leitos e teremos a possibilidade de manter mais 30 para interna\u00e7\u00f5es. Ser\u00e1 uma extens\u00e3o do S\u00e3o Vicente. Teremos de instalar as tubula\u00e7\u00f5es para ar comprimido e oxig\u00eanio, al\u00e9m dos banheiros.\u201d<\/p>\n<p><strong>Aprova\u00e7\u00e3o<\/strong><br \/>\nA not\u00edcia da implanta\u00e7\u00e3o do mini hospital foi bem recebida pelo aposentado Jer\u00f4nimo Amaral, 76 anos, que utiliza a UBS Central e o S\u00e3o Vicente. \u201c\u00c9 espetacular. O atendimento do S\u00e3o Vicente \u00e9 humanizado, o problema \u00e9 o espa\u00e7o\u201d, frisou.<\/p>\n<p><strong>Plano emergencial <\/strong><br \/>\nOutras a\u00e7\u00f5es emergenciais a curto e m\u00e9dio prazo anunciadas s\u00e3o: todas as UBSs permanecer\u00e3o abertas durante o hor\u00e1rio de almo\u00e7o e o estudo para a constru\u00e7\u00e3o de um novo hospital p\u00fablico.<\/p>\n<p><strong><em>Fotos: Fot\u00f3grafos PMJ<\/em><\/strong><\/p>\n","protected":false},"excerpt":{"rendered":"<p>Medida prev\u00ea abertura de 12 leitos de observa\u00e7\u00e3o e outros 30 para interna\u00e7\u00f5es<\/p>\n","protected":false},"author":10,"featured_media":49025,"comment_status":"closed","ping_status":"closed","sticky":false,"template":"","format":"standard","meta":{"footnotes":""},"categories":[2],"tags":[3],"ods":[],"class_list":["post-49011","post","type-post","status-publish","format-standard","has-post-thumbnail","hentry","category-noticias","tag-saude"],"_links":{"self":[{"href":"https:\/\/jundiai.sp.gov.br\/noticias\/wp-json\/wp\/v2\/posts\/49011","targetHints":{"allow":["GET"]}}],"collection":[{"href":"https:\/\/jundiai.sp.gov.br\/noticias\/wp-json\/wp\/v2\/posts"}],"about":[{"href":"https:\/\/jundiai.sp.gov.br\/noticias\/wp-json\/wp\/v2\/types\/post"}],"author":[{"embeddable":true,"href":"https:\/\/jundiai.sp.gov.br\/noticias\/wp-json\/wp\/v2\/users\/10"}],"replies":[{"embeddable":true,"href":"https:\/\/jundiai.sp.gov.br\/noticias\/wp-json\/wp\/v2\/comments?post=49011"}],"version-history":[{"count":2,"href":"https:\/\/jundiai.sp.gov.br\/noticias\/wp-json\/wp\/v2\/posts\/49011\/revisions"}],"predecessor-version":[{"id":139302,"href":"https:\/\/jundiai.sp.gov.br\/noticias\/wp-json\/wp\/v2\/posts\/49011\/revisions\/139302"}],"wp:featuredmedia":[{"embeddable":true,"href":"https:\/\/jundiai.sp.gov.br\/noticias\/wp-json\/"}],"wp:attachment":[{"href":"https:\/\/jundiai.sp.gov.br\/noticias\/wp-json\/wp\/v2\/media?parent=49011"}],"wp:term":[{"taxonomy":"category","embeddable":true,"href":"https:\/\/jundiai.sp.gov.br\/noticias\/wp-json\/wp\/v2\/categories?post=49011"},{"taxonomy":"post_tag","embeddable":true,"href":"https:\/\/jundiai.sp.gov.br\/noticias\/wp-json\/wp\/v2\/tags?post=49011"},{"taxonomy":"ods","embeddable":true,"href":"https:\/\/jundiai.sp.gov.br\/noticias\/wp-json\/wp\/v2\/ods?post=49011"}],"curies":[{"name":"wp","href":"https:\/\/api.w.org\/{rel}","templated":true}]}}