{"id":49192,"date":"2013-01-07T19:09:14","date_gmt":"2013-01-07T21:09:14","guid":{"rendered":"https:\/\/jundiai.sp.gov.br\/noticias\/?p=49192"},"modified":"2016-11-30T11:24:58","modified_gmt":"2016-11-30T13:24:58","slug":"ubss-nao-fecham-mais-no-horario-do-almoco","status":"publish","type":"post","link":"https:\/\/jundiai.sp.gov.br\/noticias\/2013\/01\/07\/ubss-nao-fecham-mais-no-horario-do-almoco\/","title":{"rendered":"UBSs n\u00e3o fecham mais no almo\u00e7o"},"content":{"rendered":"<p>As 36 UBSs (Unidades B\u00e1sicas de Sa\u00fade) do munic\u00edpio n\u00e3o fecham mais no hor\u00e1rio do almo\u00e7o, das 12h \u00e0s 13h. A nova medida entrou em vigor nesta segunda-feira (07). Com a mudan\u00e7a, a popula\u00e7\u00e3o, que antes precisava esperar na parte externa das unidades pelo retorno do atendimento, pode agora aguardar dentro da UBS. Os servi\u00e7os de rotina, como consultas, exames, vacina\u00e7\u00e3o e entrega de medicamentos, continuam nos hor\u00e1rios normais &#8211; das 8h \u00e0s 11h e das 13h \u00e0s 17h.<\/p>\n<p><strong>Leia mais<\/strong><br \/>\n<strong><a href=\"https:\/\/jundiai.sp.gov.br\/noticias\/?p=49011\" target=\"_blank\"> Em cerca de 60 dias, Jundia\u00ed ter\u00e1 mini hospital<\/a><\/strong><br \/>\n<strong><a href=\"https:\/\/jundiai.sp.gov.br\/noticias\/?p=49007\" target=\"_blank\">Bigardi inicia estudo para a constru\u00e7\u00e3o de novo hospital<\/a><\/strong><\/p>\n<div id=\"attachment_139275\" style=\"width: 410px\" class=\"wp-caption alignleft\"><a href=\"https:\/\/jundiai.sp.gov.br\/noticias\/wp-content\/uploads\/sites\/32\/2013\/01\/PA_Central_c_0_G.jpg\"><img loading=\"lazy\" decoding=\"async\" aria-describedby=\"caption-attachment-139275\" src=\"https:\/\/jundiai.sp.gov.br\/noticias\/wp-content\/uploads\/sites\/32\/2013\/01\/PA_Central_c_0_G.jpg\" alt=\"UBSs n\u00e3o fecham mais no hor\u00e1rio do almo\u00e7o, das 12h \u00e0s 13h\" width=\"400\" height=\"400\" class=\"size-full wp-image-139275\" \/><\/a><p id=\"caption-attachment-139275\" class=\"wp-caption-text\">UBSs n\u00e3o fecham mais no hor\u00e1rio do almo\u00e7o, das 12h \u00e0s 13h<\/p><\/div>\n<p>\u201cO que mudou \u00e9 o acolhimento ao usu\u00e1rio. At\u00e9 ent\u00e3o, as pessoas tinham que aguardar embaixo de sol, chuva, sem local adequado para sentar, enfim, sem nenhum tipo de conforto.<\/p>\n<p>Agora, elas podem esperar o retorno do atendimento de forma mais digna. Isso faz parte da nossa proposta de humanizar o atendimento\u201d, frisou o secret\u00e1rio de Sa\u00fade, Cl\u00e1udio Miranda.<\/p>\n<p>Para permitir a altera\u00e7\u00e3o, a Secretaria de Sa\u00fade fez rod\u00edzio no hor\u00e1rio do almo\u00e7o dos servidores p\u00fablicos. \u201cAgora, o pr\u00f3ximo passo \u00e9 estender o hor\u00e1rio de atendimento no almo\u00e7o e at\u00e9 mais tarde. Os estudos para isso j\u00e1 foram iniciados, assim como os estudos para que os Pronto-Atendimentos da Ponte S\u00e3o Jo\u00e3o e do Retiro passem a funcionar 24 horas\u201d ressaltou o secret\u00e1rio.<\/p>\n<div id=\"attachment_139274\" style=\"width: 410px\" class=\"wp-caption alignright\"><a href=\"https:\/\/jundiai.sp.gov.br\/noticias\/wp-content\/uploads\/sites\/32\/2013\/01\/entrevista_claudio_miranda_TVTem_c_49_G.jpg\"><img loading=\"lazy\" decoding=\"async\" aria-describedby=\"caption-attachment-139274\" src=\"https:\/\/jundiai.sp.gov.br\/noticias\/wp-content\/uploads\/sites\/32\/2013\/01\/entrevista_claudio_miranda_TVTem_c_49_G.jpg\" alt=\"Medidas ser\u00e3o adotadas para melhoria do sistema, afirma Miranda\" width=\"400\" height=\"400\" class=\"size-full wp-image-139274\" \/><\/a><p id=\"caption-attachment-139274\" class=\"wp-caption-text\">Medidas ser\u00e3o adotadas para melhoria do sistema, afirma Miranda<\/p><\/div>\n<p><strong>Aprova\u00e7\u00e3o<\/strong><br \/>\nQuem chegou adiantado para a consulta, aprovou a novidade. \u201cImagina ficar no sol, esperando. Ainda bem que agora posso aguardar aqui dentro\u201d, disse o aut\u00f4nomo Darci Francisco da Silva, na sala de espera da UBS Central. O aposentado Manoel Francisco dos Santos tamb\u00e9m ficou satisfeito. \u201cFoi uma \u00f3tima mudan\u00e7a.\u201d<\/p>\n<p>At\u00e9 fevereiro, a Prefeitura de Jundia\u00ed far\u00e1 a troca de pr\u00e9dios entre a UBS do Centro e o Pronto-Atendimento, localizado na mesma regi\u00e3o.<\/p>\n<p>A mudan\u00e7a possibilitar\u00e1 a abertura de 40 leitos, o que vai ajudar a desafogar o Hospital S\u00e3o Vicente de Paulo e permitir\u00e1 a realiza\u00e7\u00e3o de um maior n\u00famero de cirurgias eletivas no local. \u201cEstamos reorganizando tudo. Temos muitos gargalos para resolver\u201d, acrescentou Miranda.<\/p>\n<p><strong><em>Fotos: Fot\u00f3grafos PMJ<\/em><\/strong><\/p>\n","protected":false},"excerpt":{"rendered":"<p>Medida faz parte da proposta de atendimento mais humanizado pelas unidades <\/p>\n","protected":false},"author":10,"featured_media":49205,"comment_status":"closed","ping_status":"closed","sticky":false,"template":"","format":"standard","meta":{"footnotes":""},"categories":[2],"tags":[3],"ods":[],"class_list":["post-49192","post","type-post","status-publish","format-standard","has-post-thumbnail","hentry","category-noticias","tag-saude"],"_links":{"self":[{"href":"https:\/\/jundiai.sp.gov.br\/noticias\/wp-json\/wp\/v2\/posts\/49192","targetHints":{"allow":["GET"]}}],"collection":[{"href":"https:\/\/jundiai.sp.gov.br\/noticias\/wp-json\/wp\/v2\/posts"}],"about":[{"href":"https:\/\/jundiai.sp.gov.br\/noticias\/wp-json\/wp\/v2\/types\/post"}],"author":[{"embeddable":true,"href":"https:\/\/jundiai.sp.gov.br\/noticias\/wp-json\/wp\/v2\/users\/10"}],"replies":[{"embeddable":true,"href":"https:\/\/jundiai.sp.gov.br\/noticias\/wp-json\/wp\/v2\/comments?post=49192"}],"version-history":[{"count":2,"href":"https:\/\/jundiai.sp.gov.br\/noticias\/wp-json\/wp\/v2\/posts\/49192\/revisions"}],"predecessor-version":[{"id":139276,"href":"https:\/\/jundiai.sp.gov.br\/noticias\/wp-json\/wp\/v2\/posts\/49192\/revisions\/139276"}],"wp:featuredmedia":[{"embeddable":true,"href":"https:\/\/jundiai.sp.gov.br\/noticias\/wp-json\/"}],"wp:attachment":[{"href":"https:\/\/jundiai.sp.gov.br\/noticias\/wp-json\/wp\/v2\/media?parent=49192"}],"wp:term":[{"taxonomy":"category","embeddable":true,"href":"https:\/\/jundiai.sp.gov.br\/noticias\/wp-json\/wp\/v2\/categories?post=49192"},{"taxonomy":"post_tag","embeddable":true,"href":"https:\/\/jundiai.sp.gov.br\/noticias\/wp-json\/wp\/v2\/tags?post=49192"},{"taxonomy":"ods","embeddable":true,"href":"https:\/\/jundiai.sp.gov.br\/noticias\/wp-json\/wp\/v2\/ods?post=49192"}],"curies":[{"name":"wp","href":"https:\/\/api.w.org\/{rel}","templated":true}]}}