{"id":49209,"date":"2013-01-07T19:22:06","date_gmt":"2013-01-07T21:22:06","guid":{"rendered":"https:\/\/jundiai.sp.gov.br\/noticias\/?p=49209"},"modified":"2016-11-30T11:24:58","modified_gmt":"2016-11-30T13:24:58","slug":"contribuinte-recebe-carne-do-iptu-a-partir-de-15-de-janeiro","status":"publish","type":"post","link":"https:\/\/jundiai.sp.gov.br\/noticias\/2013\/01\/07\/contribuinte-recebe-carne-do-iptu-a-partir-de-15-de-janeiro\/","title":{"rendered":"Contribuinte recebe carn\u00ea do IPTU a partir de 15 de janeiro"},"content":{"rendered":"<p>Os carn\u00eas de pagamento do IPTU (Imposto Predial e Territorial Urbano) come\u00e7am a ser entregues a partir do dia 15 de janeiro, pelos Correios, conforme informou o secret\u00e1rio de Finan\u00e7as, Paulo Roberto Galv\u00e3o. Neste ano, o imposto ser\u00e1 reajustado em 5,42% pelo INPC (\u00cdndice Nacional de Pre\u00e7os ao Consumidor) e o primeiro vencimento \u00e9 a partir do dia 18 de fevereiro, conforme a tabela publicada na Imprensa Oficial. Quem n\u00e3o atrasou as parcelas em 2012 ter\u00e1 desconto de 5% no valor total para pagamento parcelado e mais 5% caso fa\u00e7a a op\u00e7\u00e3o de pagar a vista.<\/p>\n<div id=\"attachment_139270\" style=\"width: 410px\" class=\"wp-caption alignleft\"><a href=\"https:\/\/jundiai.sp.gov.br\/noticias\/wp-content\/uploads\/sites\/32\/2013\/01\/secr_financas_g.jpg\"><img loading=\"lazy\" decoding=\"async\" aria-describedby=\"caption-attachment-139270\" src=\"https:\/\/jundiai.sp.gov.br\/noticias\/wp-content\/uploads\/sites\/32\/2013\/01\/secr_financas_g.jpg\" alt=\"Paulo Galv\u00e3o: carn\u00eas do IPTU ser\u00e3o entregues pelos Correios\" width=\"400\" height=\"400\" class=\"size-full wp-image-139270\" \/><\/a><p id=\"caption-attachment-139270\" class=\"wp-caption-text\">Paulo Galv\u00e3o: carn\u00eas do IPTU ser\u00e3o entregues pelos Correios<\/p><\/div>\n<p>Galv\u00e3o destaca que o contribuinte que n\u00e3o receber o carn\u00ea, a partir de fevereiro, antes do vencimento, pode <strong><a href=\"https:\/\/jundiai.sp.gov.br\/noticias\/financas\/\" target=\"_blank\">imprimir por este portal a segunda via<\/a><\/strong>.<\/p>\n<p>\u201cCaso a pessoa n\u00e3o tenha acesso \u00e0 internet, pode ir at\u00e9 a prefeitura, no mezanino, e retirar a segunda via\u201d, explicou. O IPTU, onde tamb\u00e9m est\u00e1 inclusa a taxa de coleta do lixo, pode ser pago em at\u00e9 dez parcelas mensais e consecutivas.<\/p>\n<p><strong>Isen\u00e7\u00e3o<\/strong><br \/>\nEst\u00e3o isentos de pagar o IPTU aposentados e pensionistas desde que se enquadrem nos crit\u00e9rios estipulados pela Secretaria de Finan\u00e7as. \u201cTem direito \u00e0 isen\u00e7\u00e3o quem receber no m\u00e1ximo o valor de tr\u00eas sal\u00e1rios m\u00ednimos, morar no im\u00f3vel e a resid\u00eancia n\u00e3o pode ter mais do que 120 m\u00b2\u201d, disse Galv\u00e3o.<\/p>\n<p><strong>Pagamento<\/strong> &#8211; Segundo o secret\u00e1rio, o carn\u00ea do IPTU pode ser pago em toda rede banc\u00e1ria, casas lot\u00e9ricas e ag\u00eancias dos Correios. \u201cNo caso das lot\u00e9ricas, o contribuinte tem que observar que o recebimento \u00e9 at\u00e9 no m\u00e1ximo de R$ 1 mil reais.&#8221;<\/p>\n<p><strong>Utiliza\u00e7\u00e3o<\/strong><br \/>\nO secret\u00e1rio de Finan\u00e7as explica que o IPTU \u00e9 uma das principais receitas do munic\u00edpio e n\u00e3o \u00e9 vinculado \u00e0 destina\u00e7\u00e3o espec\u00edfica. Ele \u00e9 utilizado conforme as necessidades da cidade. A previs\u00e3o \u00e9 arrecadar R$ 98.990.000,00, conforme or\u00e7amento aprovado para 2013.<\/p>\n<p><strong><em>Foto: Fot\u00f3grafos PMJ<\/em><\/strong><\/p>\n","protected":false},"excerpt":{"rendered":"<p><!--:pt-->Quem n\u00e3o atrasou as parcelas em 2012 ter\u00e1 desconto no pagamento deste ano; confira mais <!--:--><\/p>\n","protected":false},"author":10,"featured_media":49211,"comment_status":"closed","ping_status":"closed","sticky":false,"template":"","format":"standard","meta":{"footnotes":""},"categories":[2],"tags":[345,8],"ods":[],"class_list":["post-49209","post","type-post","status-publish","format-standard","has-post-thumbnail","hentry","category-noticias","tag-financas","tag-iptu"],"_links":{"self":[{"href":"https:\/\/jundiai.sp.gov.br\/noticias\/wp-json\/wp\/v2\/posts\/49209","targetHints":{"allow":["GET"]}}],"collection":[{"href":"https:\/\/jundiai.sp.gov.br\/noticias\/wp-json\/wp\/v2\/posts"}],"about":[{"href":"https:\/\/jundiai.sp.gov.br\/noticias\/wp-json\/wp\/v2\/types\/post"}],"author":[{"embeddable":true,"href":"https:\/\/jundiai.sp.gov.br\/noticias\/wp-json\/wp\/v2\/users\/10"}],"replies":[{"embeddable":true,"href":"https:\/\/jundiai.sp.gov.br\/noticias\/wp-json\/wp\/v2\/comments?post=49209"}],"version-history":[{"count":3,"href":"https:\/\/jundiai.sp.gov.br\/noticias\/wp-json\/wp\/v2\/posts\/49209\/revisions"}],"predecessor-version":[{"id":139272,"href":"https:\/\/jundiai.sp.gov.br\/noticias\/wp-json\/wp\/v2\/posts\/49209\/revisions\/139272"}],"wp:featuredmedia":[{"embeddable":true,"href":"https:\/\/jundiai.sp.gov.br\/noticias\/wp-json\/"}],"wp:attachment":[{"href":"https:\/\/jundiai.sp.gov.br\/noticias\/wp-json\/wp\/v2\/media?parent=49209"}],"wp:term":[{"taxonomy":"category","embeddable":true,"href":"https:\/\/jundiai.sp.gov.br\/noticias\/wp-json\/wp\/v2\/categories?post=49209"},{"taxonomy":"post_tag","embeddable":true,"href":"https:\/\/jundiai.sp.gov.br\/noticias\/wp-json\/wp\/v2\/tags?post=49209"},{"taxonomy":"ods","embeddable":true,"href":"https:\/\/jundiai.sp.gov.br\/noticias\/wp-json\/wp\/v2\/ods?post=49209"}],"curies":[{"name":"wp","href":"https:\/\/api.w.org\/{rel}","templated":true}]}}