{"id":49329,"date":"2013-01-11T18:21:45","date_gmt":"2013-01-11T20:21:45","guid":{"rendered":"http:\/\/172.16.3.153\/?p=49329"},"modified":"2016-11-04T10:51:44","modified_gmt":"2016-11-04T12:51:44","slug":"pavimentacao-em-rua-do-rio-acima-deve-comecar-logo","status":"publish","type":"post","link":"https:\/\/jundiai.sp.gov.br\/noticias\/2013\/01\/11\/pavimentacao-em-rua-do-rio-acima-deve-comecar-logo\/","title":{"rendered":"Pavimenta\u00e7\u00e3o em rua do Rio Acima deve come\u00e7ar logo"},"content":{"rendered":"<div id=\"attachment_139252\" style=\"width: 410px\" class=\"wp-caption alignleft\"><a href=\"https:\/\/jundiai.sp.gov.br\/noticias\/wp-content\/uploads\/sites\/32\/2013\/01\/reuniao_obras_c_1_G1.jpg\"><img loading=\"lazy\" decoding=\"async\" aria-describedby=\"caption-attachment-139252\" src=\"https:\/\/jundiai.sp.gov.br\/noticias\/wp-content\/uploads\/sites\/32\/2013\/01\/reuniao_obras_c_1_G1.jpg\" alt=\"Os moradores tomaram conhecimento da situa\u00e7\u00e3o do projeto\" width=\"400\" height=\"400\" class=\"size-full wp-image-139252\" \/><\/a><p id=\"caption-attachment-139252\" class=\"wp-caption-text\">Os moradores tomaram conhecimento da situa\u00e7\u00e3o do projeto<\/p><\/div>\n<p>A confirma\u00e7\u00e3o foi dada pelo secret\u00e1rio de Obras P\u00fablicas, Jos\u00e9 Aprillanti, nesta ter\u00e7a-feira (08), ao receber uma comiss\u00e3o de moradores do bairro, que esteve no Pa\u00e7o para acompanhar o andamento do projeto de melhorias, iniciado em 2004. <\/p>\n<p>De acordo com o secret\u00e1rio, a obra j\u00e1 foi licitada e o contrato aprovado. \u201cInici\u00e1-la, agora, \u00e9 uma quest\u00e3o de dias, j\u00e1 que a parte mais complexa j\u00e1 foi conclu\u00edda\u201d, disse aos moradores.<\/p>\n<p>Com um investimento de R$ 3.177.000,00 (tr\u00eas milh\u00f5es, cento e setenta e sete mil reais), o projeto prev\u00ea, al\u00e9m da pavimenta\u00e7\u00e3o, obras de drenagem e constru\u00e7\u00e3o de galerias de \u00e1guas pluviais. S\u00e3o 1,5 mil metros lineares, que, ap\u00f3s iniciados os trabalhos, devem ficar prontos em cerca de 240 dias. \u201cNos pr\u00f3ximos dias, vamos at\u00e9 o bairro para verificar se as obras j\u00e1 podem ser iniciadas\u201d, garantiu Aprillanti. <\/p>\n<div id=\"attachment_139253\" style=\"width: 410px\" class=\"wp-caption alignright\"><a href=\"https:\/\/jundiai.sp.gov.br\/noticias\/wp-content\/uploads\/sites\/32\/2013\/01\/reuniao_obras_c_9_G1.jpg\"><img loading=\"lazy\" decoding=\"async\" aria-describedby=\"caption-attachment-139253\" src=\"https:\/\/jundiai.sp.gov.br\/noticias\/wp-content\/uploads\/sites\/32\/2013\/01\/reuniao_obras_c_9_G1.jpg\" alt=\"O encontro foi realizaodo na sala do secret\u00e1rio de Obras\" width=\"400\" height=\"400\" class=\"size-full wp-image-139253\" \/><\/a><p id=\"caption-attachment-139253\" class=\"wp-caption-text\">O encontro foi realizaodo na sala do secret\u00e1rio de Obras<\/p><\/div>\n<p><strong>Nome de rua<\/strong><br \/>\nA moradora Gertrudes Flora Link Domingues, que falou em nome dos demais, apresentou uma nova reivindica\u00e7\u00e3o. <\/p>\n<p>Segundo ela, a avenida Geraldo Azzoni, principal via do bairro, est\u00e1 com denomina\u00e7\u00f5es diferentes em alguns trechos e isso vem gerando problemas para as pessoas que moram no local. <\/p>\n<p>\u201cSabemos que vereadores andaram mudando o nome da avenida e tudo ficou muito confuso, prejudicando a entrega de correspond\u00eancia e a localiza\u00e7\u00e3o de algumas casas\u201d, reclamou. <\/p>\n<p>Dessa forma, o pedido da moradora \u00e9 resgatar o nome Geraldo Azzoni para toda a extens\u00e3o da avenida. O secret\u00e1rio Aprillanti disse que enviar\u00e1 uma equipe ao local, para acompanhar o que est\u00e1 ocorrendo e encaminhar as provid\u00eancias.<\/p>\n<p><strong><em>Fotos: Fot\u00f3grafos da Prefeitura<\/em><\/strong><\/p>\n","protected":false},"excerpt":{"rendered":"<p>A confirma\u00e7\u00e3o foi dada pelo secret\u00e1rio de Obras P\u00fablicas, Jos\u00e9 Aprillanti, nesta ter\u00e7a-feira (08), ao receber uma comiss\u00e3o de moradores do bairro, que esteve no Pa\u00e7o para acompanhar o andamento do projeto de melhorias, iniciado em 2004. De acordo com o secret\u00e1rio, a obra j\u00e1 foi licitada e o contrato aprovado. \u201cInici\u00e1-la, agora, \u00e9 uma [&hellip;]<\/p>\n","protected":false},"author":10,"featured_media":0,"comment_status":"closed","ping_status":"closed","sticky":false,"template":"","format":"standard","meta":{"footnotes":""},"categories":[2],"tags":[18],"ods":[],"class_list":["post-49329","post","type-post","status-publish","format-standard","hentry","category-noticias","tag-pavimentacao-e-drenagem"],"_links":{"self":[{"href":"https:\/\/jundiai.sp.gov.br\/noticias\/wp-json\/wp\/v2\/posts\/49329","targetHints":{"allow":["GET"]}}],"collection":[{"href":"https:\/\/jundiai.sp.gov.br\/noticias\/wp-json\/wp\/v2\/posts"}],"about":[{"href":"https:\/\/jundiai.sp.gov.br\/noticias\/wp-json\/wp\/v2\/types\/post"}],"author":[{"embeddable":true,"href":"https:\/\/jundiai.sp.gov.br\/noticias\/wp-json\/wp\/v2\/users\/10"}],"replies":[{"embeddable":true,"href":"https:\/\/jundiai.sp.gov.br\/noticias\/wp-json\/wp\/v2\/comments?post=49329"}],"version-history":[{"count":1,"href":"https:\/\/jundiai.sp.gov.br\/noticias\/wp-json\/wp\/v2\/posts\/49329\/revisions"}],"predecessor-version":[{"id":139254,"href":"https:\/\/jundiai.sp.gov.br\/noticias\/wp-json\/wp\/v2\/posts\/49329\/revisions\/139254"}],"wp:attachment":[{"href":"https:\/\/jundiai.sp.gov.br\/noticias\/wp-json\/wp\/v2\/media?parent=49329"}],"wp:term":[{"taxonomy":"category","embeddable":true,"href":"https:\/\/jundiai.sp.gov.br\/noticias\/wp-json\/wp\/v2\/categories?post=49329"},{"taxonomy":"post_tag","embeddable":true,"href":"https:\/\/jundiai.sp.gov.br\/noticias\/wp-json\/wp\/v2\/tags?post=49329"},{"taxonomy":"ods","embeddable":true,"href":"https:\/\/jundiai.sp.gov.br\/noticias\/wp-json\/wp\/v2\/ods?post=49329"}],"curies":[{"name":"wp","href":"https:\/\/api.w.org\/{rel}","templated":true}]}}