{"id":49505,"date":"2013-01-14T12:14:20","date_gmt":"2013-01-14T14:14:20","guid":{"rendered":"http:\/\/172.16.3.153\/?p=49505"},"modified":"2016-11-04T10:51:44","modified_gmt":"2016-11-04T12:51:44","slug":"desenvolvimento-economico-quer-reativacao-do-transporte-ferroviario","status":"publish","type":"post","link":"https:\/\/jundiai.sp.gov.br\/noticias\/2013\/01\/14\/desenvolvimento-economico-quer-reativacao-do-transporte-ferroviario\/","title":{"rendered":"Desenvolvimento quer reativar transporte ferrovi\u00e1rio"},"content":{"rendered":"<p>Gilson Pichioli, secret\u00e1rio interino de Desenvolvimento Econ\u00f4mico, recebeu no gabinete, nesta quinta-feira (10), a visita do diretor-titular do Ciesp (Centro das Ind\u00fastrias do Estado de S\u00e3o Paulo) Jundia\u00ed, Mauritius Reisk.<\/p>\n<div id=\"attachment_139220\" style=\"width: 410px\" class=\"wp-caption alignleft\"><a href=\"https:\/\/jundiai.sp.gov.br\/noticias\/wp-content\/uploads\/sites\/32\/2013\/01\/ciesp_desen_economico_d8g.jpg\"><img loading=\"lazy\" decoding=\"async\" aria-describedby=\"caption-attachment-139220\" src=\"https:\/\/jundiai.sp.gov.br\/noticias\/wp-content\/uploads\/sites\/32\/2013\/01\/ciesp_desen_economico_d8g.jpg\" alt=\"Poder p\u00fablico e Ciesp juntos para garantir o desenvolvimento econ\u00f4mico\" width=\"400\" height=\"400\" class=\"size-full wp-image-139220\" \/><\/a><p id=\"caption-attachment-139220\" class=\"wp-caption-text\">Poder p\u00fablico e Ciesp juntos para garantir o desenvolvimento econ\u00f4mico<\/p><\/div>\n<p>Segundo Reisk, o objetivo do primeiro encontro \u00e9 de aproximar a entidade e o Executivo. \u201cO Ciesp trabalha a favor do setor industrial, com a\u00e7\u00f5es de fomento atrav\u00e9s do desenvolvimento, log\u00edstica e infraestrutura. <\/p>\n<p>Trabalhando em parceria do governo municipal, poderemos trazer mais empresas para a cidade e melhorar o desempenho das que j\u00e1 est\u00e3o instaladas na cidade\u201d, afirma.<\/p>\n<p>Para Pichioli, a aproxima\u00e7\u00e3o \u00e9 importante porque a entidade pode acompanhar a evolu\u00e7\u00e3o dos projetos desenvolvidos pela pasta. \u201cJundia\u00ed no contexto do Aglomerado Urbano \u00e9 importante porque somos a maior cidade da regi\u00e3o e n\u00e3o podemos mais pensar de modo individualizado. \u00c9 preciso pensar no Aglomerado e na macrometr\u00f3pole.\u201d<\/p>\n<p><strong>Ferrovia<\/strong><br \/>\n\u201cUm dos projetos da secretaria \u00e9 reativar o transporte ferrovi\u00e1rio de cont\u00eaineres e a EADI (Esta\u00e7\u00e3o Aduaneira do Interior), extinta em Jundia\u00ed h\u00e1 seis anos. Hoje, toda a log\u00edstica est\u00e1 baseada no modal rodovi\u00e1rio, que j\u00e1 est\u00e1 completamente saturado. Por isso, tamb\u00e9m defendemos a volta do trem de passageiros para o interior de S\u00e3o Paulo e a instala\u00e7\u00e3o do trem expresso metropolitano de Jundia\u00ed a S\u00e3o Paulo\u201d, comenta o secret\u00e1rio interino.<\/p>\n<p><strong><em>Foto: Fot\u00f3grafos PMJ<\/em><\/strong><\/p>\n","protected":false},"excerpt":{"rendered":"<p>Encontro com o diretor-titular do Ciesp Jundia\u00ed serviu para reafirmar a aproxima\u00e7\u00e3o entre executivo e institui\u00e7\u00e3o<\/p>\n","protected":false},"author":10,"featured_media":0,"comment_status":"closed","ping_status":"closed","sticky":false,"template":"","format":"standard","meta":{"footnotes":""},"categories":[2],"tags":[],"ods":[],"class_list":["post-49505","post","type-post","status-publish","format-standard","hentry","category-noticias"],"_links":{"self":[{"href":"https:\/\/jundiai.sp.gov.br\/noticias\/wp-json\/wp\/v2\/posts\/49505","targetHints":{"allow":["GET"]}}],"collection":[{"href":"https:\/\/jundiai.sp.gov.br\/noticias\/wp-json\/wp\/v2\/posts"}],"about":[{"href":"https:\/\/jundiai.sp.gov.br\/noticias\/wp-json\/wp\/v2\/types\/post"}],"author":[{"embeddable":true,"href":"https:\/\/jundiai.sp.gov.br\/noticias\/wp-json\/wp\/v2\/users\/10"}],"replies":[{"embeddable":true,"href":"https:\/\/jundiai.sp.gov.br\/noticias\/wp-json\/wp\/v2\/comments?post=49505"}],"version-history":[{"count":2,"href":"https:\/\/jundiai.sp.gov.br\/noticias\/wp-json\/wp\/v2\/posts\/49505\/revisions"}],"predecessor-version":[{"id":139221,"href":"https:\/\/jundiai.sp.gov.br\/noticias\/wp-json\/wp\/v2\/posts\/49505\/revisions\/139221"}],"wp:attachment":[{"href":"https:\/\/jundiai.sp.gov.br\/noticias\/wp-json\/wp\/v2\/media?parent=49505"}],"wp:term":[{"taxonomy":"category","embeddable":true,"href":"https:\/\/jundiai.sp.gov.br\/noticias\/wp-json\/wp\/v2\/categories?post=49505"},{"taxonomy":"post_tag","embeddable":true,"href":"https:\/\/jundiai.sp.gov.br\/noticias\/wp-json\/wp\/v2\/tags?post=49505"},{"taxonomy":"ods","embeddable":true,"href":"https:\/\/jundiai.sp.gov.br\/noticias\/wp-json\/wp\/v2\/ods?post=49505"}],"curies":[{"name":"wp","href":"https:\/\/api.w.org\/{rel}","templated":true}]}}