{"id":49570,"date":"2013-01-14T14:06:57","date_gmt":"2013-01-14T16:06:57","guid":{"rendered":"http:\/\/172.16.3.153\/?p=49570"},"modified":"2016-11-04T10:51:45","modified_gmt":"2016-11-04T12:51:45","slug":"estado-maximo-de-atencao-continua-por-causa-das-chuvas","status":"publish","type":"post","link":"https:\/\/jundiai.sp.gov.br\/noticias\/2013\/01\/14\/estado-maximo-de-atencao-continua-por-causa-das-chuvas\/","title":{"rendered":"Estado m\u00e1ximo de aten\u00e7\u00e3o continua por causa das chuvas"},"content":{"rendered":"<p>A Defesa Civil de Jundia\u00ed mant\u00e9m o Estado M\u00e1ximo de Aten\u00e7\u00e3o devido \u00e0s chuvas que n\u00e3o param de cair. Da meia-noite at\u00e9 \u00e0s 16h51 deste s\u00e1bado(12), foi registrada a m\u00e9dia de 29,5 mil\u00edmetros. O bairro com maior volume recebido foi o Jundia\u00ed Mirim, na regi\u00e3o da represa, que marcou 71 mm. A Defesa Civil orienta para que os moradores das \u00e1reas consideradas de risco de deslizamento fiquem atentos caso a chuva n\u00e3o cesse e em caso de necessidade, procurem abrigos na casa de parente se amigos.<\/p>\n<p>O coordenador da Defesa Civil, coronel Eduardo Luiz Carbonari, visitou as \u00e1reas de risco com sua equipe. Segundo ele, o solo est\u00e1 bastante saturado (encharcado) e movimenta\u00e7\u00f5es de terra podem ocorrer. \u201cPedimos a colabora\u00e7\u00e3o dos moradores para que fiquem atentos com as chuvas. No caso de poss\u00edveis emerg\u00eancias, elas devem ligar para a Defesa Civil 199 e deixar a \u00e1rea de risco imediatamente\u201d, orientou Carbonari.<\/p>\n","protected":false},"excerpt":{"rendered":"<p>Defesa Civil orienta para que os moradores das \u00e1reas de risco fiquem atentos caso a chuva n\u00e3o cesse<\/p>\n","protected":false},"author":10,"featured_media":0,"comment_status":"closed","ping_status":"closed","sticky":false,"template":"","format":"standard","meta":{"footnotes":""},"categories":[2],"tags":[],"ods":[],"class_list":["post-49570","post","type-post","status-publish","format-standard","hentry","category-noticias"],"_links":{"self":[{"href":"https:\/\/jundiai.sp.gov.br\/noticias\/wp-json\/wp\/v2\/posts\/49570","targetHints":{"allow":["GET"]}}],"collection":[{"href":"https:\/\/jundiai.sp.gov.br\/noticias\/wp-json\/wp\/v2\/posts"}],"about":[{"href":"https:\/\/jundiai.sp.gov.br\/noticias\/wp-json\/wp\/v2\/types\/post"}],"author":[{"embeddable":true,"href":"https:\/\/jundiai.sp.gov.br\/noticias\/wp-json\/wp\/v2\/users\/10"}],"replies":[{"embeddable":true,"href":"https:\/\/jundiai.sp.gov.br\/noticias\/wp-json\/wp\/v2\/comments?post=49570"}],"version-history":[{"count":1,"href":"https:\/\/jundiai.sp.gov.br\/noticias\/wp-json\/wp\/v2\/posts\/49570\/revisions"}],"predecessor-version":[{"id":181366,"href":"https:\/\/jundiai.sp.gov.br\/noticias\/wp-json\/wp\/v2\/posts\/49570\/revisions\/181366"}],"wp:attachment":[{"href":"https:\/\/jundiai.sp.gov.br\/noticias\/wp-json\/wp\/v2\/media?parent=49570"}],"wp:term":[{"taxonomy":"category","embeddable":true,"href":"https:\/\/jundiai.sp.gov.br\/noticias\/wp-json\/wp\/v2\/categories?post=49570"},{"taxonomy":"post_tag","embeddable":true,"href":"https:\/\/jundiai.sp.gov.br\/noticias\/wp-json\/wp\/v2\/tags?post=49570"},{"taxonomy":"ods","embeddable":true,"href":"https:\/\/jundiai.sp.gov.br\/noticias\/wp-json\/wp\/v2\/ods?post=49570"}],"curies":[{"name":"wp","href":"https:\/\/api.w.org\/{rel}","templated":true}]}}