{"id":49575,"date":"2013-01-14T14:29:29","date_gmt":"2013-01-14T16:29:29","guid":{"rendered":"http:\/\/172.16.3.153\/?p=49575"},"modified":"2016-11-04T10:51:45","modified_gmt":"2016-11-04T12:51:45","slug":"defesa-civil-se-une-a-moradores-para-acoes-imediatas","status":"publish","type":"post","link":"https:\/\/jundiai.sp.gov.br\/noticias\/2013\/01\/14\/defesa-civil-se-une-a-moradores-para-acoes-imediatas\/","title":{"rendered":"Defesa Civil se une a moradores para a\u00e7\u00f5es imediatas"},"content":{"rendered":"<p>Os t\u00e9cnicos da Defesa Civil, Thiers Marques e C\u00e9sar Brayner, acompanhados por Eduardo Luiz Carbonari, coordenador da \u00e1rea, e por Aguinaldo Leite, secret\u00e1rio de Servi\u00e7os P\u00fablicos, visitaram todas as \u00e1reas de risco de deslizamentos de terra e enchentes da cidade, neste fim de semana. Nenhuma fam\u00edlia precisou ser retirada de sua casa, por causa de riscos iminentes.<\/p>\n<p>A decis\u00e3o para estender o per\u00edodo semanal dos trabalhos partiu do prefeito Pedro Bigardi, com base nos \u00edndices que ainda apontavam a essas \u00e1reas o estado de alerta m\u00e1ximo. Desde o final da tarde deste domingo (13), por\u00e9m, todas as \u00e1reas de risco sa\u00edram da classifica\u00e7\u00e3o de estado de alerta m\u00e1ximo. A que registrou maior volume acumulado de chuva foi Jundia\u00ed Mirim, 29 mil\u00edmetros.<\/p>\n<p><strong>Leia mais<\/strong><br \/>\n<a href=\"https:\/\/jundiai.sp.gov.br\/noticias\/2013\/01\/estado-de-alerta-maximo-em-razao-das-chuvas\/\" target=\"_blank\"><strong> Estado de alerta m\u00e1ximo em raz\u00e3o das chuvas<\/strong><\/a><\/p>\n<p><strong>Visitas<\/strong><br \/>\nAinda que com o hor\u00e1rio avan\u00e7ado (22h do s\u00e1bado), a equipe t\u00e9cnica da Defesa Civil estava no Jardim Sorocabana, em vistoria \u00e0s \u00e1reas de risco. \u201cPrecis\u00e1vamos entrar no meio do mato para verificar o n\u00edvel de \u00e1gua do c\u00f3rrego. E, com a companhia dos pr\u00f3prios moradores, pudemos fazer isso e com sucesso\u201d, disse Carbonari. \u201cConstatamos que n\u00e3o se tratava da imin\u00eancia de enchentes, que tanto prejudica aquela regi\u00e3o\u201d, destacou.<\/p>\n<p>Foram tantas as informa\u00e7\u00f5es passadas pelo presidente da Sociedade Amigos de Bairros Sorocabana, Claudinei Pinheiro (o Cl\u00e1udio), \u00e0 equipe t\u00e9cnica, que o secret\u00e1rio de Servi\u00e7os P\u00fablicos agendou uma reuni\u00e3o, no Pa\u00e7o Municipal,para esta segunda-feira (14), \u00e0s 17h. Alguns moradores do Sorocabana, acompanhados por Cl\u00e1udio, estar\u00e3o com o secret\u00e1rio e membros da Defesa Civil, neste encontro.<\/p>\n<p>Outras \u00e1reas, como Jardim S\u00e3o Camilo, Jardim Tamoio e Tulipas tamb\u00e9m foram vistoriadas. \u201cCom a contribui\u00e7\u00e3o de Reginaldo Dias, l\u00edder do bairro, tamb\u00e9m pudemos percorrer as \u00e1reas do Jardim S\u00e3o Camilo. Isso no domingo, pela manh\u00e3\u201d, continua Carbonari. \u201cL\u00e1, agendamos reuni\u00f5es peri\u00f3dicas, no sal\u00e3o da igreja, que tem capacidade para 60 pessoas e, ent\u00e3o, vamos passar a discutir os problemas daquela regi\u00e3o de maneira mais pr\u00f3xima aos moradores\u201d, avisou o coordenador.<\/p>\n<p>No Jardim das Tulipas, o representante da Sociedade Amigos de Bairros, Dorival Benedito Bueno, tamb\u00e9m se disp\u00f4s a contribuir com a equipe t\u00e9cnica. Ele passou informa\u00e7\u00f5es que ser\u00e3o discutidas em reuni\u00f5es agendadas, no pr\u00f3prio bairro.<\/p>\n<p><strong>Empenho<\/strong><br \/>\nO prefeito Pedro Bigardi destacou a import\u00e2ncia do trabalho conjunto dos diversos \u00f3rg\u00e3os da prefeitura que inclui a Casa Civil, Servi\u00e7os P\u00fablicos, Obras, Fumas, Guarda Municipal, Comunica\u00e7\u00e3o Social, DAE, e Assist\u00eancia Social coordenadas pela Defesa Civil. \u201cIsto \u00e9 fruto da reuni\u00e3o realizada na sexta-feira (11), em que foram tra\u00e7adas as a\u00e7\u00f5es de como gerenciar este trabalho\u201d, comentou.<\/p>\n<p>O Chefe do Executivo tamb\u00e9m frisou o empenho das equipes que est\u00e3o monitorando as \u00e1reas de risco. \u201cTodos est\u00e3o de prontid\u00e3o e verificando de perto estes locais. \u00c9 com satisfa\u00e7\u00e3o que elogio os envolvidos neste trabalho que t\u00eam a miss\u00e3o de garantir a seguran\u00e7a dos moradores destas \u00e1reas e de toda Jundia\u00ed. O grupo atendeu prontamente \u00e0 convoca\u00e7\u00e3o e vamos continuar este trabalho\u201d, concluiu o prefeito Pedro Bigardi.<\/p>\n","protected":false},"excerpt":{"rendered":"<p>Preven\u00e7\u00e3o da Defesa Civil e Servi\u00e7os P\u00fablicos (foto) se estendeu por todo o fim de semana<\/p>\n","protected":false},"author":10,"featured_media":0,"comment_status":"closed","ping_status":"closed","sticky":false,"template":"","format":"standard","meta":{"footnotes":""},"categories":[2],"tags":[],"ods":[],"class_list":["post-49575","post","type-post","status-publish","format-standard","hentry","category-noticias"],"_links":{"self":[{"href":"https:\/\/jundiai.sp.gov.br\/noticias\/wp-json\/wp\/v2\/posts\/49575","targetHints":{"allow":["GET"]}}],"collection":[{"href":"https:\/\/jundiai.sp.gov.br\/noticias\/wp-json\/wp\/v2\/posts"}],"about":[{"href":"https:\/\/jundiai.sp.gov.br\/noticias\/wp-json\/wp\/v2\/types\/post"}],"author":[{"embeddable":true,"href":"https:\/\/jundiai.sp.gov.br\/noticias\/wp-json\/wp\/v2\/users\/10"}],"replies":[{"embeddable":true,"href":"https:\/\/jundiai.sp.gov.br\/noticias\/wp-json\/wp\/v2\/comments?post=49575"}],"version-history":[{"count":1,"href":"https:\/\/jundiai.sp.gov.br\/noticias\/wp-json\/wp\/v2\/posts\/49575\/revisions"}],"predecessor-version":[{"id":143967,"href":"https:\/\/jundiai.sp.gov.br\/noticias\/wp-json\/wp\/v2\/posts\/49575\/revisions\/143967"}],"wp:attachment":[{"href":"https:\/\/jundiai.sp.gov.br\/noticias\/wp-json\/wp\/v2\/media?parent=49575"}],"wp:term":[{"taxonomy":"category","embeddable":true,"href":"https:\/\/jundiai.sp.gov.br\/noticias\/wp-json\/wp\/v2\/categories?post=49575"},{"taxonomy":"post_tag","embeddable":true,"href":"https:\/\/jundiai.sp.gov.br\/noticias\/wp-json\/wp\/v2\/tags?post=49575"},{"taxonomy":"ods","embeddable":true,"href":"https:\/\/jundiai.sp.gov.br\/noticias\/wp-json\/wp\/v2\/ods?post=49575"}],"curies":[{"name":"wp","href":"https:\/\/api.w.org\/{rel}","templated":true}]}}