{"id":49646,"date":"2013-01-14T20:48:56","date_gmt":"2013-01-14T22:48:56","guid":{"rendered":"https:\/\/jundiai.sp.gov.br\/noticias\/?p=49646"},"modified":"2016-11-04T10:51:45","modified_gmt":"2016-11-04T12:51:45","slug":"industria-abre-as-portas-com-investimento-de-50-milhoes","status":"publish","type":"post","link":"https:\/\/jundiai.sp.gov.br\/noticias\/2013\/01\/14\/industria-abre-as-portas-com-investimento-de-50-milhoes\/","title":{"rendered":"Ind\u00fastria abre as portas com investimento de 50 milh\u00f5es"},"content":{"rendered":"<p>Com uma \u00e1rea constru\u00edda de 13,6 mil m\u00b2 na FazGran, a Pilot Pen inaugurou oficialmente, na manh\u00e3 desta segunda-feira (14), a sua nova f\u00e1brica em Jundia\u00ed. Foram investidos R$ 50 milh\u00f5es e a solenidade de abertura contou com a participa\u00e7\u00e3o do diretor presidente, Tatsuo Soutone; do c\u00f4nsul geral do Jap\u00e3o, Noriteru Fukushima; prefeito Pedro Bigardi; secret\u00e1rio interino de Desenvolvimento Econ\u00f4mico, Gilson Pichioli; superintendente da TV Educativa, Thiago Godinho; entre outras autoridades e diretores da empresa.<\/p>\n<p><strong>Leia tamb\u00e9m<br \/>\n<a href=\"https:\/\/jundiai.sp.gov.br\/noticias\/2013\/01\/museu-da-companhia-paulista-tera-recuperacao-de-telhado\/\" target=\"_blank\">Museu da Companhia Paulista ter\u00e1 recupera\u00e7\u00e3o de telhado<\/a><\/strong><\/p>\n<div id=\"attachment_139182\" style=\"width: 730px\" class=\"wp-caption aligncenter\"><a href=\"https:\/\/jundiai.sp.gov.br\/noticias\/wp-content\/uploads\/sites\/32\/2013\/01\/inauguracao_empresa_pilot_c_4g1.jpg\"><img loading=\"lazy\" decoding=\"async\" aria-describedby=\"caption-attachment-139182\" src=\"https:\/\/jundiai.sp.gov.br\/noticias\/wp-content\/uploads\/sites\/32\/2013\/01\/inauguracao_empresa_pilot_c_4g1.jpg\" alt=\"O prefeito Pedro Bigardi e a diretoria durante o o descerramento da placa\" width=\"720\" height=\"513\" class=\"size-full wp-image-139182\" \/><\/a><p id=\"caption-attachment-139182\" class=\"wp-caption-text\">O prefeito Pedro Bigardi e a diretoria durante o o descerramento da placa<\/p><\/div>\n<p>A escolha para ser instalada em Jundia\u00ed, segundo o diretor Eduardo Yoshida, \u00e9 pela localiza\u00e7\u00e3o do munic\u00edpio, que possui acesso a diversas regi\u00f5es. O presidente Tatsuo conversou com os convidados, auxiliado por uma interprete. Em seu discurso ressaltou a qualidade dos produtos da Pilot Pen e a filosofia da empresa em ter um ambiente agrad\u00e1vel e saud\u00e1vel para os seus funcion\u00e1rios.<\/p>\n<div id=\"attachment_139183\" style=\"width: 410px\" class=\"wp-caption alignleft\"><a href=\"https:\/\/jundiai.sp.gov.br\/noticias\/wp-content\/uploads\/sites\/32\/2013\/01\/inauguracao_empresa_pilot_c_5g.jpg\"><img loading=\"lazy\" decoding=\"async\" aria-describedby=\"caption-attachment-139183\" src=\"https:\/\/jundiai.sp.gov.br\/noticias\/wp-content\/uploads\/sites\/32\/2013\/01\/inauguracao_empresa_pilot_c_5g.jpg\" alt=\"Os convidados conheceram os v\u00e1rios est\u00e1gios da produ\u00e7\u00e3o\" width=\"400\" height=\"400\" class=\"size-full wp-image-139183\" \/><\/a><p id=\"caption-attachment-139183\" class=\"wp-caption-text\">Os convidados conheceram os v\u00e1rios est\u00e1gios da produ\u00e7\u00e3o<\/p><\/div>\n<p>O prefeito Pedro Bigardi destacou a constru\u00e7\u00e3o, erguida em oito meses, e a tradi\u00e7\u00e3o japonesa no pa\u00eds. \u201cComo engenheiro, cumprimento a empresa pela qualidade do investimento na constru\u00e7\u00e3o. Agrade\u00e7o por terem escolhido Jundia\u00ed, cidade com localiza\u00e7\u00e3o estrat\u00e9gica de f\u00e1cil mobilidade e que possui grande diversidade na ind\u00fastria, agricultura e com\u00e9rcio\u201d, frisou.<\/p>\n<p><strong>Visita\u00e7\u00e3o<\/strong><br \/>\nAp\u00f3s o descerramento da placa, os convidados foram organizados em pequenos grupos para conhecer a produ\u00e7\u00e3o da ind\u00fastria. Osvaldo Sataku explicou as v\u00e1rias faces da produ\u00e7\u00e3o de canetas, que vai da inje\u00e7\u00e3o pl\u00e1stica a finaliza\u00e7\u00e3o das cargas e tampas. A f\u00e1brica era instalada em Guarulhos e, com a sua chegada em Jundia\u00ed, espera-se que a produ\u00e7\u00e3o passe de 100 milh\u00f5es de produtos para 120 milh\u00f5es anuais. S\u00e3o cerca de 230 funcion\u00e1rios e a expectativa \u00e9 abrir novas vagas.<\/p>\n<p><strong>Saqu\u00ea<\/strong><br \/>\nAo conclu\u00edrem o passeio, as autoridades e convidados participaram da \u201cquebra da tampa\u201d do Ritual do Saqu\u00ea. Esta solenidade tem o intuito de desejar um caminho afortunado. O prefeito Pedro Bigardi participou vestido um quimono e, de posse de um martelo de madeira, juntamente com outros integrantes e o c\u00f4nsul, quebraram a tampa de dois barris para o brinde de saqu\u00ea.<\/p>\n<p>A Pilot foi fundada no Jap\u00e3o em 1918 e chegou ao Brasil em 1954.<\/p>\n<p><strong><em>Fotos: Fot\u00f3grafos PMJ<\/em><\/strong><\/p>\n","protected":false},"excerpt":{"rendered":"<p>\u00c1rea constru\u00edda \u00e9 de 13,6 mil m\u00b2; s\u00e3o 230 funcion\u00e1rios e a expectativa \u00e9 abrir novas vagas <\/p>\n","protected":false},"author":10,"featured_media":0,"comment_status":"closed","ping_status":"closed","sticky":false,"template":"","format":"standard","meta":{"footnotes":""},"categories":[2],"tags":[],"ods":[],"class_list":["post-49646","post","type-post","status-publish","format-standard","hentry","category-noticias"],"_links":{"self":[{"href":"https:\/\/jundiai.sp.gov.br\/noticias\/wp-json\/wp\/v2\/posts\/49646","targetHints":{"allow":["GET"]}}],"collection":[{"href":"https:\/\/jundiai.sp.gov.br\/noticias\/wp-json\/wp\/v2\/posts"}],"about":[{"href":"https:\/\/jundiai.sp.gov.br\/noticias\/wp-json\/wp\/v2\/types\/post"}],"author":[{"embeddable":true,"href":"https:\/\/jundiai.sp.gov.br\/noticias\/wp-json\/wp\/v2\/users\/10"}],"replies":[{"embeddable":true,"href":"https:\/\/jundiai.sp.gov.br\/noticias\/wp-json\/wp\/v2\/comments?post=49646"}],"version-history":[{"count":2,"href":"https:\/\/jundiai.sp.gov.br\/noticias\/wp-json\/wp\/v2\/posts\/49646\/revisions"}],"predecessor-version":[{"id":139185,"href":"https:\/\/jundiai.sp.gov.br\/noticias\/wp-json\/wp\/v2\/posts\/49646\/revisions\/139185"}],"wp:attachment":[{"href":"https:\/\/jundiai.sp.gov.br\/noticias\/wp-json\/wp\/v2\/media?parent=49646"}],"wp:term":[{"taxonomy":"category","embeddable":true,"href":"https:\/\/jundiai.sp.gov.br\/noticias\/wp-json\/wp\/v2\/categories?post=49646"},{"taxonomy":"post_tag","embeddable":true,"href":"https:\/\/jundiai.sp.gov.br\/noticias\/wp-json\/wp\/v2\/tags?post=49646"},{"taxonomy":"ods","embeddable":true,"href":"https:\/\/jundiai.sp.gov.br\/noticias\/wp-json\/wp\/v2\/ods?post=49646"}],"curies":[{"name":"wp","href":"https:\/\/api.w.org\/{rel}","templated":true}]}}