{"id":49757,"date":"2013-01-15T10:57:50","date_gmt":"2013-01-15T12:57:50","guid":{"rendered":"https:\/\/jundiai.sp.gov.br\/noticias\/?p=49757"},"modified":"2016-11-04T10:51:45","modified_gmt":"2016-11-04T12:51:45","slug":"obra-emergencial-no-jardim-sorocabana-vai-conter-enchentes","status":"publish","type":"post","link":"https:\/\/jundiai.sp.gov.br\/noticias\/2013\/01\/15\/obra-emergencial-no-jardim-sorocabana-vai-conter-enchentes\/","title":{"rendered":"Obra emergencial no Sorocabana vai conter enchentes"},"content":{"rendered":"<p>H\u00e1 anos os moradores do Jardim Sorocabana sofrem com as enchentes do in\u00edcio do ano. Centenas de pessoas que sempre perdiam m\u00f3veis e pertences pessoais, a partir de agora, ter\u00e3o uma nova hist\u00f3ria para contar. Como compromisso de governo, nesta segunda-feira (14), o secret\u00e1rio de Servi\u00e7os P\u00fablicos, Aguinaldo Leite, acompanhado pelo coordenador da Defesa Civil, Eduardo Luiz Carbonari, e uma equipe de engenheiros, se reuniu com mais de 50 moradores para discutir o in\u00edcio da obra que pretende amenizar o problema.<\/p>\n<p><strong>Leia tamb\u00e9m<\/strong><br \/>\n<a href=\"https:\/\/jundiai.sp.gov.br\/noticias\/2013\/01\/defesa-civil-se-une-a-moradores-para-acoes-imediatas\/\" target=\"_blank\"><strong> Defesa Civil se une a moradores para a\u00e7\u00f5es imediatas<\/strong><\/a><\/p>\n<div id=\"attachment_139091\" style=\"width: 410px\" class=\"wp-caption alignright\"><a href=\"https:\/\/jundiai.sp.gov.br\/noticias\/wp-content\/uploads\/sites\/32\/2013\/01\/nucleo_sorocabana_d55g1.jpg\"><img loading=\"lazy\" decoding=\"async\" aria-describedby=\"caption-attachment-139091\" src=\"https:\/\/jundiai.sp.gov.br\/noticias\/wp-content\/uploads\/sites\/32\/2013\/01\/nucleo_sorocabana_d55g1.jpg\" alt=\"Moradores ir\u00e3o receber a t\u00e3o esperada obra pela nova administra\u00e7\u00e3o\" width=\"400\" height=\"400\" class=\"size-full wp-image-139091\" \/><\/a><p id=\"caption-attachment-139091\" class=\"wp-caption-text\">Moradores ir\u00e3o receber a t\u00e3o esperada obra pela nova administra\u00e7\u00e3o<\/p><\/div>\n<p>\u201cEsta ser\u00e1 uma forma emergencial de conter os preju\u00edzos daqueles moradores, a pedido da Defesa Civil. A prefeitura vai fornecer maquin\u00e1rio, m\u00e3o de obra e material. Sabemos que o local precisa ser reurbanizado, mas, por enquanto, estamos atendendo a uma demanda voltada ao per\u00edodo das chuvas\u201d, explica Leite.<\/p>\n<p>O trabalho j\u00e1 deve ter in\u00edcio na ter\u00e7a-feira (15). A obra consiste na execu\u00e7\u00e3o de um sistema semelhante a uma comporta, com objetivo de escoar para o Rio Jundia\u00ed toda a \u00e1gua da vala que fica atr\u00e1s das casas.<\/p>\n<p><strong>Parceria<\/strong><br \/>\nUma bomba de suc\u00e7\u00e3o tamb\u00e9m ser\u00e1 instalada no local e ser\u00e1 acionada automaticamente com a subida da \u00e1gua. Possivelmente, ainda conforme o secret\u00e1rio, haver\u00e1 um sinal sonoro para avisar aos moradores. \u201cO problema \u00e9 a vala que acompanha todo o bairro. Com \u00e1gua pluvial e esgoto, ela chega ao rio Jundia\u00ed e com o aumento do n\u00edvel do rio, a \u00e1gua volta e chega at\u00e9 as casas\u201d, explica Claudemir Pinheiro, morador do bairro h\u00e1 20 anos.<\/p>\n<p>A obra ser\u00e1 executada em parceria com os moradores, que durante anos reivindicaram uma solu\u00e7\u00e3o. No s\u00e1bado (12), durante a visita da equipe integrada que visitou as \u00e1reas de risco da cidade, as fam\u00edlias deram a ideia e a prefeitura se mobilizou para executar a reuni\u00e3o.<\/p>\n<p>\u201cFiquei o ano passado inteiro conversando com o antigo governo sobre as possibilidades de ajudar os moradores e nunca houve nenhum acordo. Agora, dei minha ideia e finalmente vamos receber a t\u00e3o esperada obra\u201d, lembra Pinheiro.<\/p>\n<p><strong><em>Fotos: Fot\u00f3grafos PMJ<\/em><\/strong><\/p>\n","protected":false},"excerpt":{"rendered":"<p>Trabalho deve ter in\u00edcio na ter\u00e7a (15). A\u00e7\u00e3o de emerg\u00eancia para que fam\u00edlias n\u00e3o sofram mais<\/p>\n","protected":false},"author":10,"featured_media":0,"comment_status":"closed","ping_status":"closed","sticky":false,"template":"","format":"standard","meta":{"footnotes":""},"categories":[2],"tags":[],"ods":[],"class_list":["post-49757","post","type-post","status-publish","format-standard","hentry","category-noticias"],"_links":{"self":[{"href":"https:\/\/jundiai.sp.gov.br\/noticias\/wp-json\/wp\/v2\/posts\/49757","targetHints":{"allow":["GET"]}}],"collection":[{"href":"https:\/\/jundiai.sp.gov.br\/noticias\/wp-json\/wp\/v2\/posts"}],"about":[{"href":"https:\/\/jundiai.sp.gov.br\/noticias\/wp-json\/wp\/v2\/types\/post"}],"author":[{"embeddable":true,"href":"https:\/\/jundiai.sp.gov.br\/noticias\/wp-json\/wp\/v2\/users\/10"}],"replies":[{"embeddable":true,"href":"https:\/\/jundiai.sp.gov.br\/noticias\/wp-json\/wp\/v2\/comments?post=49757"}],"version-history":[{"count":2,"href":"https:\/\/jundiai.sp.gov.br\/noticias\/wp-json\/wp\/v2\/posts\/49757\/revisions"}],"predecessor-version":[{"id":139093,"href":"https:\/\/jundiai.sp.gov.br\/noticias\/wp-json\/wp\/v2\/posts\/49757\/revisions\/139093"}],"wp:attachment":[{"href":"https:\/\/jundiai.sp.gov.br\/noticias\/wp-json\/wp\/v2\/media?parent=49757"}],"wp:term":[{"taxonomy":"category","embeddable":true,"href":"https:\/\/jundiai.sp.gov.br\/noticias\/wp-json\/wp\/v2\/categories?post=49757"},{"taxonomy":"post_tag","embeddable":true,"href":"https:\/\/jundiai.sp.gov.br\/noticias\/wp-json\/wp\/v2\/tags?post=49757"},{"taxonomy":"ods","embeddable":true,"href":"https:\/\/jundiai.sp.gov.br\/noticias\/wp-json\/wp\/v2\/ods?post=49757"}],"curies":[{"name":"wp","href":"https:\/\/api.w.org\/{rel}","templated":true}]}}