{"id":49767,"date":"2013-01-15T11:08:42","date_gmt":"2013-01-15T13:08:42","guid":{"rendered":"https:\/\/jundiai.sp.gov.br\/noticias\/?p=49767"},"modified":"2016-11-04T10:51:45","modified_gmt":"2016-11-04T12:51:45","slug":"unidades-de-servico-passam-por-limpeza-e-manutencao","status":"publish","type":"post","link":"https:\/\/jundiai.sp.gov.br\/noticias\/2013\/01\/15\/unidades-de-servico-passam-por-limpeza-e-manutencao\/","title":{"rendered":"Unidades de servi\u00e7o passam por limpeza e manuten\u00e7\u00e3o"},"content":{"rendered":"<p>A Secretaria de Servi\u00e7os P\u00fablicos iniciou s\u00e1bado (12) um mutir\u00e3o de limpeza e manuten\u00e7\u00e3o nas cinco Unidades de Servi\u00e7os de Jundia\u00ed, a fim de oferecer melhores condi\u00e7\u00f5es de trabalho para os servidores. No bairro da Ponte S\u00e3o Jo\u00e3o, a unidade estava com muito material perdido, sucata e lixo.<\/p>\n<p><strong>Leia tamb\u00e9m<\/strong><br \/>\n<a href=\"https:\/\/jundiai.sp.gov.br\/noticias\/2013\/01\/obra-emergencial-no-jardim-sorocabana-vai-conter-enchentes\/\" target=\"_blank\"><strong> Obra emergencial no Sorocabana vai conter enchentes<\/strong><\/a><br \/>\n<a href=\"https:\/\/jundiai.sp.gov.br\/noticias\/2013\/01\/museu-da-companhia-paulista-tera-recuperacao-de-telhado\/\" target=\"_blank\"><strong>Museu da Companhia Paulista ter\u00e1 recupera\u00e7\u00e3o de telhado<\/strong><\/a><\/p>\n<div id=\"attachment_139089\" style=\"width: 410px\" class=\"wp-caption alignleft\"><a href=\"https:\/\/jundiai.sp.gov.br\/noticias\/wp-content\/uploads\/sites\/32\/2013\/01\/mutirao_limpeza_us1_d37g.jpg\"><img loading=\"lazy\" decoding=\"async\" aria-describedby=\"caption-attachment-139089\" src=\"https:\/\/jundiai.sp.gov.br\/noticias\/wp-content\/uploads\/sites\/32\/2013\/01\/mutirao_limpeza_us1_d37g.jpg\" alt=\"Marcelo registrou em fotos tudo o que foi encontrado no local\" width=\"400\" height=\"400\" class=\"size-full wp-image-139089\" \/><\/a><p id=\"caption-attachment-139089\" class=\"wp-caption-text\">Marcelo registrou em fotos tudo o que foi encontrado no local<\/p><\/div>\n<p>M\u00e1quinas e ve\u00edculos j\u00e1 demarcados para leil\u00e3o e outros equipamentos que devem ter o mesmo destino foram separados pelo diretor do Departamento de Ve\u00edculos e M\u00e1quinas, Marcelo de Oliveira Cardoso, e funcion\u00e1rios do setor.<\/p>\n<p>\u201cO local n\u00e3o recebia manuten\u00e7\u00e3o h\u00e1 muito tempo. Os funcion\u00e1rios faziam as refei\u00e7\u00f5es em local inapropriado. O tratamento com a equipe mudou e, agora, seremos um time\u201d, avisa Cardoso.<\/p>\n<p>Segundo Aguinaldo Leite, secret\u00e1rio de Servi\u00e7os P\u00fablicos, a a\u00e7\u00e3o foi um pedido dos pr\u00f3prios funcion\u00e1rios. \u201cEles est\u00e3o motivados com a nova fase de trabalho e agora iremos atender outras solicita\u00e7\u00f5es, como a compra de novos equipamentos e m\u00e1quinas.\u201d<\/p>\n<p><strong>Vizinhos<\/strong><br \/>\nA unidade com mais de 5 mil m\u00b2 conta com mais de 120 funcion\u00e1rios e realiza servi\u00e7os de manuten\u00e7\u00e3o em toda a Regi\u00e3o Leste de Jundia\u00ed. \u201cQuando assumimos, os pr\u00f3prios servidores reclamaram da situa\u00e7\u00e3o de trabalho. Vamos estender esta a\u00e7\u00e3o at\u00e9 que esteja tudo completamente organizado e limpo. Tamb\u00e9m estamos preocupados com a vizinhan\u00e7a, que convivia com a sujeira e at\u00e9 poss\u00edveis focos da dengue\u201d, lembra o diretor.<\/p>\n<p>Uma funcion\u00e1ria do administrativo foi picada tr\u00eas vezes pelo mosquito Aedes Aegypti (o transmissor da dengue), mas por sorte o inseto n\u00e3o estava contaminado com o v\u00edrus da Dengue.<\/p>\n<p><strong><em>Fotos: Fot\u00f3grafos PMJ<\/em><\/strong><\/p>\n","protected":false},"excerpt":{"rendered":"<p>A\u00e7\u00e3o foi tomada ap\u00f3s pedido dos pr\u00f3prios funcion\u00e1rios; objetivo \u00e9 oferecer melhores condi\u00e7\u00f5es de trabalho<\/p>\n","protected":false},"author":10,"featured_media":0,"comment_status":"closed","ping_status":"closed","sticky":false,"template":"","format":"standard","meta":{"footnotes":""},"categories":[2],"tags":[],"ods":[],"class_list":["post-49767","post","type-post","status-publish","format-standard","hentry","category-noticias"],"_links":{"self":[{"href":"https:\/\/jundiai.sp.gov.br\/noticias\/wp-json\/wp\/v2\/posts\/49767","targetHints":{"allow":["GET"]}}],"collection":[{"href":"https:\/\/jundiai.sp.gov.br\/noticias\/wp-json\/wp\/v2\/posts"}],"about":[{"href":"https:\/\/jundiai.sp.gov.br\/noticias\/wp-json\/wp\/v2\/types\/post"}],"author":[{"embeddable":true,"href":"https:\/\/jundiai.sp.gov.br\/noticias\/wp-json\/wp\/v2\/users\/10"}],"replies":[{"embeddable":true,"href":"https:\/\/jundiai.sp.gov.br\/noticias\/wp-json\/wp\/v2\/comments?post=49767"}],"version-history":[{"count":2,"href":"https:\/\/jundiai.sp.gov.br\/noticias\/wp-json\/wp\/v2\/posts\/49767\/revisions"}],"predecessor-version":[{"id":139090,"href":"https:\/\/jundiai.sp.gov.br\/noticias\/wp-json\/wp\/v2\/posts\/49767\/revisions\/139090"}],"wp:attachment":[{"href":"https:\/\/jundiai.sp.gov.br\/noticias\/wp-json\/wp\/v2\/media?parent=49767"}],"wp:term":[{"taxonomy":"category","embeddable":true,"href":"https:\/\/jundiai.sp.gov.br\/noticias\/wp-json\/wp\/v2\/categories?post=49767"},{"taxonomy":"post_tag","embeddable":true,"href":"https:\/\/jundiai.sp.gov.br\/noticias\/wp-json\/wp\/v2\/tags?post=49767"},{"taxonomy":"ods","embeddable":true,"href":"https:\/\/jundiai.sp.gov.br\/noticias\/wp-json\/wp\/v2\/ods?post=49767"}],"curies":[{"name":"wp","href":"https:\/\/api.w.org\/{rel}","templated":true}]}}