{"id":49775,"date":"2013-01-15T11:23:51","date_gmt":"2013-01-15T13:23:51","guid":{"rendered":"https:\/\/jundiai.sp.gov.br\/noticias\/?p=49775"},"modified":"2016-11-04T10:51:45","modified_gmt":"2016-11-04T12:51:45","slug":"gm-e-vara-da-infancia-e-juventude-em-acao-conjunta-no-retiro","status":"publish","type":"post","link":"https:\/\/jundiai.sp.gov.br\/noticias\/2013\/01\/15\/gm-e-vara-da-infancia-e-juventude-em-acao-conjunta-no-retiro\/","title":{"rendered":"GM e Vara da Inf\u00e2ncia e Juventude em a\u00e7\u00e3o conjunta"},"content":{"rendered":"<p>A administra\u00e7\u00e3o p\u00fablica, a fim de atender as solicita\u00e7\u00f5es da popula\u00e7\u00e3o local, promoveu na noite da \u00faltima sexta-feira (11), na regi\u00e3o da rua do Retiro, a\u00e7\u00e3o conjunta entre a Guarda Municipal de Jundia\u00ed e o Poder Judici\u00e1rio. Durante a opera\u00e7\u00e3o, nove adolescentes foram abordados e, com eles, apreendidas duas garrafas de bebida alco\u00f3lica, uma por\u00e7\u00e3o de maconha e uma latinha que serviria para triturar a droga.<\/p>\n<p><strong>Leia tamb\u00e9m<br \/>\n<a href=\"https:\/\/jundiai.sp.gov.br\/noticias\/2013\/01\/secretaria-e-gm-se-unem-a-favor-da-serra-do-japi\/\" target=\"_blank\">Secretaria e GM se unem a favor da Serra do Japi<\/a><\/strong><br \/>\n<a href=\"https:\/\/jundiai.sp.gov.br\/noticias\/2013\/01\/12o-gac-grupo-barao-de-jundiahy-tem-novo-comandante\/\" target=\"_blank\"><strong>12\u00ba GAC \u2018Grupo Bar\u00e3o de Jundiahy\u2019 tem novo comandante<\/strong><\/a><br \/>\n<a href=\"https:\/\/jundiai.sp.gov.br\/noticias\/2013\/01\/prefeito-pedro-bigardi-assumira-como-presidente-da-junta-militar\/\" target=\"_blank\"><strong>Prefeito Pedro Bigardi assumir\u00e1 como presidente da Junta Militar<\/strong><\/a><\/p>\n<div id=\"attachment_139086\" style=\"width: 410px\" class=\"wp-caption alignright\"><a href=\"https:\/\/jundiai.sp.gov.br\/noticias\/wp-content\/uploads\/sites\/32\/2013\/01\/gm_menores_rua_do_retiro_p_31G1.jpg\"><img loading=\"lazy\" decoding=\"async\" aria-describedby=\"caption-attachment-139086\" src=\"https:\/\/jundiai.sp.gov.br\/noticias\/wp-content\/uploads\/sites\/32\/2013\/01\/gm_menores_rua_do_retiro_p_31G1.jpg\" alt=\"A a\u00e7\u00e3o conjunta ser\u00e1 constante na cidade de Jundia\u00ed\" width=\"400\" height=\"400\" class=\"size-full wp-image-139086\" \/><\/a><p id=\"caption-attachment-139086\" class=\"wp-caption-text\">A a\u00e7\u00e3o conjunta ser\u00e1 constante na cidade de Jundia\u00ed<\/p><\/div>\n<p>A a\u00e7\u00e3o teve in\u00edcio na sede da GM e seguiu em dire\u00e7\u00e3o a rua do Retiro, mais precisamente na Pra\u00e7a Tiradentes. Tamb\u00e9m foram abordados no estacionamento de um supermercado dois adolescentes com garrafas. Uma de vodka e outra de run.<\/p>\n<p>Os produtos estavam armazenados dentro de uma sacola pl\u00e1stica e todos os objetos foram apreendidos pelo coordenador do Juizado da Vara da Inf\u00e2ncia e Juventude, Laerte Riguetto.<\/p>\n<p>Os jovens foram liberados na presen\u00e7a de seus respons\u00e1veis e dever\u00e3o ser apresentados ao Juizado da Vara da Inf\u00e2ncia e Juventude. A a\u00e7\u00e3o conjunta teve por objetivo coibir vandalismos, e monitorar o consumo de bebidas alco\u00f3licas e uso de drogas no local, que \u00e9 alvo de constantes reclama\u00e7\u00f5es.<\/p>\n<p>O comandante da Guarda Municipal de Jundia\u00ed, Jos\u00e9 Roberto Ferraz, ressaltou que as a\u00e7\u00f5es ser\u00e3o constantes e n\u00e3o t\u00eam prazo para acabar. &#8220;N\u00e3o somos contra os jovens e seu direito de divers\u00e3o, mas n\u00e3o podemos aceitar nenhuma atitude ilegal e tamb\u00e9m condutas que prejudiquem o direito dos moradores da regi\u00e3o\u201d, concluiu.<\/p>\n<p><strong><em>Fotos: Fot\u00f3grafos PMJ<\/em><\/strong><\/p>\n","protected":false},"excerpt":{"rendered":"<p>Abordagem teve por objetivo coibir vandalismos e monitorar o consumo de \u00e1lcool e drogas no local<\/p>\n","protected":false},"author":10,"featured_media":0,"comment_status":"closed","ping_status":"closed","sticky":false,"template":"","format":"standard","meta":{"footnotes":""},"categories":[2],"tags":[],"ods":[],"class_list":["post-49775","post","type-post","status-publish","format-standard","hentry","category-noticias"],"_links":{"self":[{"href":"https:\/\/jundiai.sp.gov.br\/noticias\/wp-json\/wp\/v2\/posts\/49775","targetHints":{"allow":["GET"]}}],"collection":[{"href":"https:\/\/jundiai.sp.gov.br\/noticias\/wp-json\/wp\/v2\/posts"}],"about":[{"href":"https:\/\/jundiai.sp.gov.br\/noticias\/wp-json\/wp\/v2\/types\/post"}],"author":[{"embeddable":true,"href":"https:\/\/jundiai.sp.gov.br\/noticias\/wp-json\/wp\/v2\/users\/10"}],"replies":[{"embeddable":true,"href":"https:\/\/jundiai.sp.gov.br\/noticias\/wp-json\/wp\/v2\/comments?post=49775"}],"version-history":[{"count":2,"href":"https:\/\/jundiai.sp.gov.br\/noticias\/wp-json\/wp\/v2\/posts\/49775\/revisions"}],"predecessor-version":[{"id":139087,"href":"https:\/\/jundiai.sp.gov.br\/noticias\/wp-json\/wp\/v2\/posts\/49775\/revisions\/139087"}],"wp:attachment":[{"href":"https:\/\/jundiai.sp.gov.br\/noticias\/wp-json\/wp\/v2\/media?parent=49775"}],"wp:term":[{"taxonomy":"category","embeddable":true,"href":"https:\/\/jundiai.sp.gov.br\/noticias\/wp-json\/wp\/v2\/categories?post=49775"},{"taxonomy":"post_tag","embeddable":true,"href":"https:\/\/jundiai.sp.gov.br\/noticias\/wp-json\/wp\/v2\/tags?post=49775"},{"taxonomy":"ods","embeddable":true,"href":"https:\/\/jundiai.sp.gov.br\/noticias\/wp-json\/wp\/v2\/ods?post=49775"}],"curies":[{"name":"wp","href":"https:\/\/api.w.org\/{rel}","templated":true}]}}