{"id":49809,"date":"2013-01-15T13:55:42","date_gmt":"2013-01-15T15:55:42","guid":{"rendered":"https:\/\/jundiai.sp.gov.br\/noticias\/?p=49809"},"modified":"2016-11-04T10:51:46","modified_gmt":"2016-11-04T12:51:46","slug":"maratona-de-visitas-leva-a-corte-da-uva-as-emissoras-de-radio","status":"publish","type":"post","link":"https:\/\/jundiai.sp.gov.br\/noticias\/2013\/01\/15\/maratona-de-visitas-leva-a-corte-da-uva-as-emissoras-de-radio\/","title":{"rendered":"Maratona de visitas leva a Corte da Uva \u00e0s emissoras de r\u00e1dio"},"content":{"rendered":"<p>Acompanhadas do secret\u00e1rio de Desenvolvimento Agr\u00e1rio e Turismo Rural, Marcos Brunholi, do diretor de Abastecimento, Ed\u00edlson Chrispim, e da diretora de Cultura, Elaine Silva Pinto, as integrantes da Corte da 30\u00aa Festa da Uva de Jundia\u00ed visitaram, na manh\u00e3 desta ter\u00e7a-feira (15), duas emissoras de r\u00e1dio da cidade, a Cidade AM e Difusora AM.<\/p>\n<div id=\"attachment_139083\" style=\"width: 410px\" class=\"wp-caption alignleft\"><a href=\"https:\/\/jundiai.sp.gov.br\/noticias\/wp-content\/uploads\/sites\/32\/2013\/01\/visita_corte_da_uva_as_radios_c_40_G.jpg\"><img loading=\"lazy\" decoding=\"async\" aria-describedby=\"caption-attachment-139083\" src=\"https:\/\/jundiai.sp.gov.br\/noticias\/wp-content\/uploads\/sites\/32\/2013\/01\/visita_corte_da_uva_as_radios_c_40_G.jpg\" alt=\"Na R\u00e1dio Cidade, com Reinaldo Basile\" width=\"400\" height=\"400\" class=\"size-full wp-image-139083\" \/><\/a><p id=\"caption-attachment-139083\" class=\"wp-caption-text\">Na R\u00e1dio Cidade, com Reinaldo Basile<\/p><\/div>\n<p>A Rainha Carolina Dutra Salles, a 1\u00aa Princesa Ketlyn Mingotti Gon\u00e7alves e a 2\u00aa Princesa Gabriela Pessoto est\u00e3o cumprindo uma agenda de visitas aos meios de comunica\u00e7\u00e3o, refor\u00e7ando a divulga\u00e7\u00e3o da festa, que come\u00e7a na pr\u00f3xima semana, no dia 24 de janeiro.<\/p>\n<p>A primeira parada foi na R\u00e1dio Cidade, onde foram recebidas pelo apresentador Reinaldo Basile, com quem conversaram sobre os preparativos da festa e da expectativa de cada uma com rela\u00e7\u00e3o \u00e0 miss\u00e3o de divulgar o evento, dentre outros assuntos.<\/p>\n<p>J\u00e1 o secret\u00e1rio Marcos Brunholi falou do desafio de montar a festa em tempo recorde. \u201cSem perder na qualidade, ainda mais que ser\u00e1 diferente de todas as outras, com um formato que resgata sua tradi\u00e7\u00e3o na cidade\u201d, disse ele. Segundo Brunholi, vai ser poss\u00edvel colocar um pouco de cada bairro dentro do Parque da Uva.<\/p>\n<p><a href=\"https:\/\/jundiai.sp.gov.br\/noticias\/2013\/01\/saiba-mais-sobre-a-30a-festa-da-uva-de-jundiai\/\" target=\"_blank\"><strong>Saiba mais sobre a festa<\/strong><\/a><\/p>\n<div id=\"attachment_139082\" style=\"width: 410px\" class=\"wp-caption alignright\"><a href=\"https:\/\/jundiai.sp.gov.br\/noticias\/wp-content\/uploads\/sites\/32\/2013\/01\/visita_corte_da_uva_as_radios_c_21_G1.jpg\"><img loading=\"lazy\" decoding=\"async\" aria-describedby=\"caption-attachment-139082\" src=\"https:\/\/jundiai.sp.gov.br\/noticias\/wp-content\/uploads\/sites\/32\/2013\/01\/visita_corte_da_uva_as_radios_c_21_G1.jpg\" alt=\"Na Difusora, com Ad\u00edlson Freddo\" width=\"400\" height=\"400\" class=\"size-full wp-image-139082\" \/><\/a><p id=\"caption-attachment-139082\" class=\"wp-caption-text\">Na Difusora, com Ad\u00edlson Freddo<\/p><\/div>\n<p>Para o apresentador Reinaldo Basile, radialista conhecido pelo respeito com as tradi\u00e7\u00f5es da cidade, essa festa retrata o desejo da popula\u00e7\u00e3o. \u201cSempre fui favor\u00e1vel a que se resgatasse a festa no modelo antigo, quando o foco eram as fam\u00edlias\u201d, comentou.<\/p>\n<p>Na R\u00e1dio Difusora, o apresentador Ad\u00edlson Freddo tamb\u00e9m destacou a import\u00e2ncia de devolver \u00e0 cidade aquilo que realmente se entende como Festa da Uva. <\/p>\n<p>E elogiou a forma como tudo vem acontecendo com rela\u00e7\u00e3o aos preparativos. \u201cVoc\u00eas v\u00e3o pegar o jeito para as pr\u00f3ximas festas\u201d, brincou Ad\u00edlson, que citou nominalmente os principais produtores de uva da cidade. Sobre a Corte da Festa da Uva, ele quis conhecer cada uma das meninas e elogiou o fato de elas, apesar de jovens, j\u00e1 estarem engajadas em um evento de import\u00e2ncia para a hist\u00f3ria de Jundia\u00ed.<\/p>\n<p><strong><em>Fotos: Fot\u00f3grafos PMJ<\/em><\/strong><\/p>\n","protected":false},"excerpt":{"rendered":"<p>As r\u00e1dios Difusora AM e R\u00e1dio e Cidade AM foram visitadas pela corte, que divulga a festa na m\u00eddia no local <\/p>\n","protected":false},"author":10,"featured_media":0,"comment_status":"closed","ping_status":"closed","sticky":false,"template":"","format":"standard","meta":{"footnotes":""},"categories":[2],"tags":[],"ods":[],"class_list":["post-49809","post","type-post","status-publish","format-standard","hentry","category-noticias"],"_links":{"self":[{"href":"https:\/\/jundiai.sp.gov.br\/noticias\/wp-json\/wp\/v2\/posts\/49809","targetHints":{"allow":["GET"]}}],"collection":[{"href":"https:\/\/jundiai.sp.gov.br\/noticias\/wp-json\/wp\/v2\/posts"}],"about":[{"href":"https:\/\/jundiai.sp.gov.br\/noticias\/wp-json\/wp\/v2\/types\/post"}],"author":[{"embeddable":true,"href":"https:\/\/jundiai.sp.gov.br\/noticias\/wp-json\/wp\/v2\/users\/10"}],"replies":[{"embeddable":true,"href":"https:\/\/jundiai.sp.gov.br\/noticias\/wp-json\/wp\/v2\/comments?post=49809"}],"version-history":[{"count":2,"href":"https:\/\/jundiai.sp.gov.br\/noticias\/wp-json\/wp\/v2\/posts\/49809\/revisions"}],"predecessor-version":[{"id":139084,"href":"https:\/\/jundiai.sp.gov.br\/noticias\/wp-json\/wp\/v2\/posts\/49809\/revisions\/139084"}],"wp:attachment":[{"href":"https:\/\/jundiai.sp.gov.br\/noticias\/wp-json\/wp\/v2\/media?parent=49809"}],"wp:term":[{"taxonomy":"category","embeddable":true,"href":"https:\/\/jundiai.sp.gov.br\/noticias\/wp-json\/wp\/v2\/categories?post=49809"},{"taxonomy":"post_tag","embeddable":true,"href":"https:\/\/jundiai.sp.gov.br\/noticias\/wp-json\/wp\/v2\/tags?post=49809"},{"taxonomy":"ods","embeddable":true,"href":"https:\/\/jundiai.sp.gov.br\/noticias\/wp-json\/wp\/v2\/ods?post=49809"}],"curies":[{"name":"wp","href":"https:\/\/api.w.org\/{rel}","templated":true}]}}