{"id":49810,"date":"2013-01-15T13:48:12","date_gmt":"2013-01-15T15:48:12","guid":{"rendered":"https:\/\/jundiai.sp.gov.br\/noticias\/?p=49810"},"modified":"2020-11-06T15:42:32","modified_gmt":"2020-11-06T18:42:32","slug":"saiba-mais-sobre-a-30a-festa-da-uva-de-jundiai","status":"publish","type":"post","link":"https:\/\/jundiai.sp.gov.br\/noticias\/2013\/01\/15\/saiba-mais-sobre-a-30a-festa-da-uva-de-jundiai\/","title":{"rendered":"Saiba mais sobre a 30\u00aa Festa da Uva de Jundia\u00ed"},"content":{"rendered":"<p><strong>30\u00aa Festa da Uva<\/strong><br \/>\nA 30\u00aa Festa da Uva ocorre nos dias 24, 25, 26 e 27 de janeiro e 1, 2, e 3 de fevereiro de 2013. O novo formato do evento pretende resgatar a origem das antigas festas e valorizar a produ\u00e7\u00e3o da fruta e os agricultores locais. Outra novidade ser\u00e1 a entrada gratuita ao p\u00fablico, al\u00e9m do espa\u00e7o aberto para a viticultura, com a 1\u00aa Expo Vinho.<\/p>\n<p>Os pavilh\u00f5es do parque ser\u00e3o divididos entre exposi\u00e7\u00e3o e comercializa\u00e7\u00e3o de uvas e outras frutas de \u00e9poca; vinhos artesanais produzidos na cidade; culin\u00e1ria t\u00edpica dos bairros; artesanatos. A expectativa \u00e9 atrair um p\u00fablico de aproximadamente 100 mil pessoas. A prefeitura disponibilizou <a href=\"https:\/\/festadauva.jundiai.sp.gov.br\/\" target=\"_blank\" rel=\"noopener noreferrer\">uma p\u00e1gina em seu portal<\/a>, trazendo tudo sobre o evento, com informa\u00e7\u00f5es sobre hor\u00e1rios, atra\u00e7\u00f5es e servi\u00e7os.<\/p>\n","protected":false},"excerpt":{"rendered":"<p>Saiba mais sobre a 30\u00aa Festa da Uva de Jundia\u00ed<\/p>\n","protected":false},"author":10,"featured_media":0,"comment_status":"closed","ping_status":"closed","sticky":false,"template":"","format":"standard","meta":{"footnotes":""},"categories":[2],"tags":[],"ods":[],"class_list":["post-49810","post","type-post","status-publish","format-standard","hentry","category-noticias"],"_links":{"self":[{"href":"https:\/\/jundiai.sp.gov.br\/noticias\/wp-json\/wp\/v2\/posts\/49810","targetHints":{"allow":["GET"]}}],"collection":[{"href":"https:\/\/jundiai.sp.gov.br\/noticias\/wp-json\/wp\/v2\/posts"}],"about":[{"href":"https:\/\/jundiai.sp.gov.br\/noticias\/wp-json\/wp\/v2\/types\/post"}],"author":[{"embeddable":true,"href":"https:\/\/jundiai.sp.gov.br\/noticias\/wp-json\/wp\/v2\/users\/10"}],"replies":[{"embeddable":true,"href":"https:\/\/jundiai.sp.gov.br\/noticias\/wp-json\/wp\/v2\/comments?post=49810"}],"version-history":[{"count":2,"href":"https:\/\/jundiai.sp.gov.br\/noticias\/wp-json\/wp\/v2\/posts\/49810\/revisions"}],"predecessor-version":[{"id":258391,"href":"https:\/\/jundiai.sp.gov.br\/noticias\/wp-json\/wp\/v2\/posts\/49810\/revisions\/258391"}],"wp:attachment":[{"href":"https:\/\/jundiai.sp.gov.br\/noticias\/wp-json\/wp\/v2\/media?parent=49810"}],"wp:term":[{"taxonomy":"category","embeddable":true,"href":"https:\/\/jundiai.sp.gov.br\/noticias\/wp-json\/wp\/v2\/categories?post=49810"},{"taxonomy":"post_tag","embeddable":true,"href":"https:\/\/jundiai.sp.gov.br\/noticias\/wp-json\/wp\/v2\/tags?post=49810"},{"taxonomy":"ods","embeddable":true,"href":"https:\/\/jundiai.sp.gov.br\/noticias\/wp-json\/wp\/v2\/ods?post=49810"}],"curies":[{"name":"wp","href":"https:\/\/api.w.org\/{rel}","templated":true}]}}