{"id":49865,"date":"2013-01-15T21:56:30","date_gmt":"2013-01-15T23:56:30","guid":{"rendered":"https:\/\/jundiai.sp.gov.br\/noticias\/?p=49865"},"modified":"2016-11-04T10:51:46","modified_gmt":"2016-11-04T12:51:46","slug":"mobilidade-urbana-e-discutida-em-reuniao-na-prefeitura","status":"publish","type":"post","link":"https:\/\/jundiai.sp.gov.br\/noticias\/2013\/01\/15\/mobilidade-urbana-e-discutida-em-reuniao-na-prefeitura\/","title":{"rendered":"Mobilidade urbana \u00e9 discutida em reuni\u00e3o"},"content":{"rendered":"<p>Interven\u00e7\u00f5es necess\u00e1rias, estudos estruturais e reestrutura\u00e7\u00e3o da mobilidade urbana de Jundia\u00ed foram discutidos em reuni\u00e3o, na manh\u00e3 desta ter\u00e7a-feira (15), entre o prefeito Pedro Bigardi e os secret\u00e1rios Dinei Pasqualini (Transportes), J\u00fanior Aprilanti (Obras), Daniela da C\u00e2mara (Planejamento e Meio Ambiente) e Reinaldo Fernandes (Coordenadoria de Apoio aos Deficientes).<\/p>\n<p><strong>Leia tamb\u00e9m<\/strong><br \/>\n<a href=\"https:\/\/jundiai.sp.gov.br\/noticias\/2013\/01\/desenvolvimento-economico-quer-reativacao-do-transporte-ferroviario\/\" target=\"_blank\"><strong> Desenvolvimento quer reativar transporte ferrovi\u00e1rio<\/strong><\/a><\/p>\n<div id=\"attachment_138364\" style=\"width: 730px\" class=\"wp-caption aligncenter\"><a href=\"https:\/\/jundiai.sp.gov.br\/noticias\/wp-content\/uploads\/sites\/32\/2013\/01\/reuniao_mobilidade_urbana_p_2G1.jpg\"><img loading=\"lazy\" decoding=\"async\" aria-describedby=\"caption-attachment-138364\" src=\"https:\/\/jundiai.sp.gov.br\/noticias\/wp-content\/uploads\/sites\/32\/2013\/01\/reuniao_mobilidade_urbana_p_2G1.jpg\" alt=\"Na reuni\u00e3o foi decidido a cria\u00e7\u00e3o de uma agenda de trabalho que ser\u00e1 definida nos pr\u00f3ximos dias\" width=\"720\" height=\"513\" class=\"size-full wp-image-138364\" \/><\/a><p id=\"caption-attachment-138364\" class=\"wp-caption-text\">Na reuni\u00e3o foi decidido a cria\u00e7\u00e3o de uma agenda de trabalho que ser\u00e1 definida nos pr\u00f3ximos dias<\/p><\/div>\n<p>O prefeito Pedro Bigardi ressaltou a necessidade de a cidade ter um plano vi\u00e1rio, mesmo que este estudo demande tempo. Por\u00e9m, a\u00e7\u00f5es imediatas precisam ser colocadas em pr\u00e1tica. \u201cTemos um estrangulamento na mobilidade e devemos pensar em alternativas em curto, m\u00e9dio e longo prazo. N\u00e3o podemos esperar o plano vi\u00e1rio ser conclu\u00eddo e interven\u00e7\u00f5es precisam ser feitas imediatamente\u201d, orientou.<\/p>\n<p>O grupo de trabalho tamb\u00e9m discutiu sobre o trevo da avenida Jundia\u00ed e de outras interven\u00e7\u00f5es necess\u00e1rias, al\u00e9m da implanta\u00e7\u00e3o do BRT (Bus Rapid Transit), que ser\u00e1 uma das alternativas no transporte coletivo. O prefeito explicou a necessidade de Jundia\u00ed ter plano vi\u00e1rio, pois \u00e9 essencial para conseguir recursos junto ao Governo Federal.<\/p>\n<p><strong>A\u00e7\u00f5es<\/strong><br \/>\nDinei Pasqualini comentou que enviou 32 projetos para avalia\u00e7\u00e3o da Secretaria de Obras, com pequenas interven\u00e7\u00f5es que podem melhorar alguns focos que atrapalham a mobilidade. Daniela da C\u00e2mara e J\u00fanior Aprilanti tamb\u00e9m falaram sobre projetos existentes em suas secretarias e, com base nestas informa\u00e7\u00f5es, o prefeito Pedro Bigardi solicitou que as demais pastas reunissem estes documentos para avalia\u00e7\u00e3o, poss\u00edveis adequa\u00e7\u00f5es e a cria\u00e7\u00e3o de uma agenda para avalia\u00e7\u00e3o.<\/p>\n<p><strong>Consultoria<\/strong><br \/>\nPara acelerar este processo, o prefeito sugeriu a contrata\u00e7\u00e3o de uma consultoria para avaliar as melhores alternativas em obras vi\u00e1rias. \u201cTamb\u00e9m iremos conhecer algumas experi\u00eancias bem sucedidas. Em Bogot\u00e1, por exemplo, a administra\u00e7\u00e3o p\u00fablica revolucionou o tr\u00e2nsito com investimento vi\u00e1rio. Curitiba tamb\u00e9m \u00e9 outra refer\u00eancia neste assunto\u201d, comentou.<\/p>\n<p><strong>Acesso<\/strong><br \/>\nOutra preocupa\u00e7\u00e3o do plano vi\u00e1rio \u00e9 a quest\u00e3o da mobilidade do portador de defici\u00eancia. O objetivo \u00e9 incluir solu\u00e7\u00f5es que contemplem a acessibilidade e com seguran\u00e7a.<\/p>\n<p><strong><em>Foto: Fot\u00f3grafos PMJ<\/em><\/strong><\/p>\n","protected":false},"excerpt":{"rendered":"<p>Prefeito ressaltou a necessidade do plano vi\u00e1rio, al\u00e9m de a\u00e7\u00f5es imediatas que ser\u00e3o tomadas<\/p>\n","protected":false},"author":10,"featured_media":0,"comment_status":"closed","ping_status":"closed","sticky":false,"template":"","format":"standard","meta":{"footnotes":""},"categories":[2],"tags":[],"ods":[],"class_list":["post-49865","post","type-post","status-publish","format-standard","hentry","category-noticias"],"_links":{"self":[{"href":"https:\/\/jundiai.sp.gov.br\/noticias\/wp-json\/wp\/v2\/posts\/49865","targetHints":{"allow":["GET"]}}],"collection":[{"href":"https:\/\/jundiai.sp.gov.br\/noticias\/wp-json\/wp\/v2\/posts"}],"about":[{"href":"https:\/\/jundiai.sp.gov.br\/noticias\/wp-json\/wp\/v2\/types\/post"}],"author":[{"embeddable":true,"href":"https:\/\/jundiai.sp.gov.br\/noticias\/wp-json\/wp\/v2\/users\/10"}],"replies":[{"embeddable":true,"href":"https:\/\/jundiai.sp.gov.br\/noticias\/wp-json\/wp\/v2\/comments?post=49865"}],"version-history":[{"count":2,"href":"https:\/\/jundiai.sp.gov.br\/noticias\/wp-json\/wp\/v2\/posts\/49865\/revisions"}],"predecessor-version":[{"id":138365,"href":"https:\/\/jundiai.sp.gov.br\/noticias\/wp-json\/wp\/v2\/posts\/49865\/revisions\/138365"}],"wp:attachment":[{"href":"https:\/\/jundiai.sp.gov.br\/noticias\/wp-json\/wp\/v2\/media?parent=49865"}],"wp:term":[{"taxonomy":"category","embeddable":true,"href":"https:\/\/jundiai.sp.gov.br\/noticias\/wp-json\/wp\/v2\/categories?post=49865"},{"taxonomy":"post_tag","embeddable":true,"href":"https:\/\/jundiai.sp.gov.br\/noticias\/wp-json\/wp\/v2\/tags?post=49865"},{"taxonomy":"ods","embeddable":true,"href":"https:\/\/jundiai.sp.gov.br\/noticias\/wp-json\/wp\/v2\/ods?post=49865"}],"curies":[{"name":"wp","href":"https:\/\/api.w.org\/{rel}","templated":true}]}}