{"id":49874,"date":"2013-01-15T22:08:04","date_gmt":"2013-01-16T00:08:04","guid":{"rendered":"https:\/\/jundiai.sp.gov.br\/noticias\/?p=49874"},"modified":"2016-11-04T10:51:46","modified_gmt":"2016-11-04T12:51:46","slug":"sindicato-dos-servidores-tem-encontro-com-o-prefeito","status":"publish","type":"post","link":"https:\/\/jundiai.sp.gov.br\/noticias\/2013\/01\/15\/sindicato-dos-servidores-tem-encontro-com-o-prefeito\/","title":{"rendered":"Sindicato dos servidores tem encontro com o prefeito"},"content":{"rendered":"<p>O prefeito Pedro Bigardi recebeu na manh\u00e3 desta segunda-feira (17) a visita dos diretores do Sindicato dos Servidores P\u00fablicos. Este foi o primeiro contato da entidade com o chefe do Executivo ap\u00f3s a posse para demonstrar a postura de di\u00e1logo entre a prefeitura e o funcionalismo.<\/p>\n<p><strong>Leia tamb\u00e9m<\/strong><br \/>\n<a href=\"https:\/\/jundiai.sp.gov.br\/noticias\/2013\/01\/unidades-de-servico-passam-por-limpeza-e-manutencao\/\" target=\"_blank\"><strong> Unidades de servi\u00e7o passam por limpeza e manuten\u00e7\u00e3o<\/strong><\/a><\/p>\n<div id=\"attachment_138361\" style=\"width: 410px\" class=\"wp-caption alignleft\"><a href=\"https:\/\/jundiai.sp.gov.br\/noticias\/wp-content\/uploads\/sites\/32\/2013\/01\/reuniao_prefeito_sindicato_servidores_1_G.jpg\"><img loading=\"lazy\" decoding=\"async\" aria-describedby=\"caption-attachment-138361\" src=\"https:\/\/jundiai.sp.gov.br\/noticias\/wp-content\/uploads\/sites\/32\/2013\/01\/reuniao_prefeito_sindicato_servidores_1_G.jpg\" alt=\"O prefeito com os representantes do Sindicato dos Servidores P\u00fablicos\" width=\"400\" height=\"400\" class=\"size-full wp-image-138361\" \/><\/a><p id=\"caption-attachment-138361\" class=\"wp-caption-text\">O prefeito com os representantes do Sindicato dos Servidores P\u00fablicos<\/p><\/div>\n<p>Eleni Mossin F\u00e1varo, presidente do Sindicato, disse que este encontro preliminar serviu para apresentar a equipe e pontuar alguns assuntos que ser\u00e3o debatidos no decorrer do ano. \u201cEste relacionamento ser\u00e1 baseado no di\u00e1logo.<\/p>\n<p>O prefeito Pedro Bigardi foi muito atencioso com o sindicato e mostrou que tamb\u00e9m est\u00e1 interessado em resgatar o valor que o servidor tem\u201d, comentou Eleni.<\/p>\n<p>O di\u00e1logo, segundo o prefeito, ser\u00e1 a t\u00f4nica da administra\u00e7\u00e3o nos assuntos que envolvem o funcionalismo. \u201cQuero trabalhar pr\u00f3ximo ao servidor e valoriz\u00e1-lo\u201d, disse Pedro Bigardi.<\/p>\n<p><strong><em>Fotos: Fot\u00f3grafos PMJ<\/em><\/strong><\/p>\n","protected":false},"excerpt":{"rendered":"<p>Di\u00e1logo, segundo o prefeito Pedro Bigardi, ser\u00e1 a t\u00f4nica nos assuntos que envolvem o funcionalismo<\/p>\n","protected":false},"author":10,"featured_media":0,"comment_status":"closed","ping_status":"closed","sticky":false,"template":"","format":"standard","meta":{"footnotes":""},"categories":[2],"tags":[],"ods":[],"class_list":["post-49874","post","type-post","status-publish","format-standard","hentry","category-noticias"],"_links":{"self":[{"href":"https:\/\/jundiai.sp.gov.br\/noticias\/wp-json\/wp\/v2\/posts\/49874","targetHints":{"allow":["GET"]}}],"collection":[{"href":"https:\/\/jundiai.sp.gov.br\/noticias\/wp-json\/wp\/v2\/posts"}],"about":[{"href":"https:\/\/jundiai.sp.gov.br\/noticias\/wp-json\/wp\/v2\/types\/post"}],"author":[{"embeddable":true,"href":"https:\/\/jundiai.sp.gov.br\/noticias\/wp-json\/wp\/v2\/users\/10"}],"replies":[{"embeddable":true,"href":"https:\/\/jundiai.sp.gov.br\/noticias\/wp-json\/wp\/v2\/comments?post=49874"}],"version-history":[{"count":2,"href":"https:\/\/jundiai.sp.gov.br\/noticias\/wp-json\/wp\/v2\/posts\/49874\/revisions"}],"predecessor-version":[{"id":138362,"href":"https:\/\/jundiai.sp.gov.br\/noticias\/wp-json\/wp\/v2\/posts\/49874\/revisions\/138362"}],"wp:attachment":[{"href":"https:\/\/jundiai.sp.gov.br\/noticias\/wp-json\/wp\/v2\/media?parent=49874"}],"wp:term":[{"taxonomy":"category","embeddable":true,"href":"https:\/\/jundiai.sp.gov.br\/noticias\/wp-json\/wp\/v2\/categories?post=49874"},{"taxonomy":"post_tag","embeddable":true,"href":"https:\/\/jundiai.sp.gov.br\/noticias\/wp-json\/wp\/v2\/tags?post=49874"},{"taxonomy":"ods","embeddable":true,"href":"https:\/\/jundiai.sp.gov.br\/noticias\/wp-json\/wp\/v2\/ods?post=49874"}],"curies":[{"name":"wp","href":"https:\/\/api.w.org\/{rel}","templated":true}]}}