{"id":49882,"date":"2013-01-15T22:23:12","date_gmt":"2013-01-16T00:23:12","guid":{"rendered":"https:\/\/jundiai.sp.gov.br\/noticias\/?p=49882"},"modified":"2016-11-04T10:51:46","modified_gmt":"2016-11-04T12:51:46","slug":"sesi-do-sao-camilo-tem-previsao-de-entrega-neste-ano","status":"publish","type":"post","link":"https:\/\/jundiai.sp.gov.br\/noticias\/2013\/01\/15\/sesi-do-sao-camilo-tem-previsao-de-entrega-neste-ano\/","title":{"rendered":"SESI do S\u00e3o Camilo tem previs\u00e3o de entrega neste ano"},"content":{"rendered":"<p>Nos pr\u00f3ximos anos Jundia\u00ed ter\u00e1 tr\u00eas Centros Integrados do SESI (Servi\u00e7o Social da Ind\u00fastria). O primeiro ser\u00e1 entregue ainda neste ano, no Jardim S\u00e3o Camilo, e os outros dois ter\u00e3o o pontap\u00e9 inicial nas pr\u00f3ximas semanas: Centro de Atividade (Ses\u00e3o) e da Vila Hortol\u00e2ndia, em frente \u00e0 unidade do Ciesp (Centro das Ind\u00fastrias do Estado de S\u00e3o Paulo). A programa\u00e7\u00e3o foi apresentada ao prefeito Pedro Bigardi na tarde desta ter\u00e7a-feira (15) por Vandermir Francesconi, respons\u00e1vel pelo SESI\/SENAI de Jundia\u00ed.<\/p>\n<p><strong>Leia tamb\u00e9m<br \/>\n<a href=\"https:\/\/jundiai.sp.gov.br\/noticias\/2013\/01\/industria-abre-as-portas-com-investimento-de-50-milhoes\/\" target=\"_blank\">Ind\u00fastria abre as portas com investimento de 50 milh\u00f5es<\/a><\/strong><\/p>\n<div id=\"attachment_138355\" style=\"width: 410px\" class=\"wp-caption alignleft\"><a href=\"https:\/\/jundiai.sp.gov.br\/noticias\/wp-content\/uploads\/sites\/32\/2013\/01\/reuniao_representantes_sesi_p_0g1.jpg\"><img loading=\"lazy\" decoding=\"async\" aria-describedby=\"caption-attachment-138355\" src=\"https:\/\/jundiai.sp.gov.br\/noticias\/wp-content\/uploads\/sites\/32\/2013\/01\/reuniao_representantes_sesi_p_0g1.jpg\" alt=\"Diretores do SESI e do CIESP apresentaram os projetos ao prefeito\" width=\"400\" height=\"400\" class=\"size-full wp-image-138355\" \/><\/a><p id=\"caption-attachment-138355\" class=\"wp-caption-text\">Diretores do SESI e do CIESP apresentaram os projetos ao prefeito<\/p><\/div>\n<p>Entre os projetos, Francesconi comentou sobre os detalhes t\u00e9cnicos, auxiliado pelo diretor local Jader Luiz Serni, os arquitetos Fernando Jos\u00e9 Martinelli e M\u00e1rio Barreiros, e os diretores do Ciesp local, Alexandro Zavarizi, e Ant\u00f4nio Cl\u00e1udio Palma.<\/p>\n<p>\u201cO CAT ter\u00e1 uma constru\u00e7\u00e3o de quatro pavimentos mais o t\u00e9rreo. Na Hortol\u00e2ndia, ser\u00e3o dois pavimentos e o t\u00e9rreo e no S\u00e3o Camilo, tr\u00eas e o t\u00e9rreo\u201d, comentou.<\/p>\n<p><strong>Incentivo<\/strong><br \/>\nAl\u00e9m da apresenta\u00e7\u00e3o, Francesconi comentou sobre os projetos de incentivo ao esporte que o SESI possui e com grande procura dos atletas locais, incluindo parcerias com a administra\u00e7\u00e3o p\u00fablica. O prefeito Pedro Bigardi disse que a parceria ir\u00e1 continuar e que a prefeitura est\u00e1 \u00e0 disposi\u00e7\u00e3o para projetos futuros.<\/p>\n<p>Participaram da reuni\u00e3o tamb\u00e9m o secret\u00e1rio interino de Desenvolvimento Econ\u00f4mico, Gilson Pichioli, e o chefe de gabinete da Prefeitura de Jundia\u00ed, Wagner de Souza.<\/p>\n<p><strong><em>Foto: Fot\u00f3grafos PMJ<\/em><\/strong><\/p>\n","protected":false},"excerpt":{"rendered":"<p>Jundia\u00ed ter\u00e1 tr\u00eas Centros Integrados do SESI; pontap\u00e9 inicial ser\u00e1 nas pr\u00f3ximas semanas <\/p>\n","protected":false},"author":10,"featured_media":0,"comment_status":"closed","ping_status":"closed","sticky":false,"template":"","format":"standard","meta":{"footnotes":""},"categories":[2],"tags":[],"ods":[],"class_list":["post-49882","post","type-post","status-publish","format-standard","hentry","category-noticias"],"_links":{"self":[{"href":"https:\/\/jundiai.sp.gov.br\/noticias\/wp-json\/wp\/v2\/posts\/49882","targetHints":{"allow":["GET"]}}],"collection":[{"href":"https:\/\/jundiai.sp.gov.br\/noticias\/wp-json\/wp\/v2\/posts"}],"about":[{"href":"https:\/\/jundiai.sp.gov.br\/noticias\/wp-json\/wp\/v2\/types\/post"}],"author":[{"embeddable":true,"href":"https:\/\/jundiai.sp.gov.br\/noticias\/wp-json\/wp\/v2\/users\/10"}],"replies":[{"embeddable":true,"href":"https:\/\/jundiai.sp.gov.br\/noticias\/wp-json\/wp\/v2\/comments?post=49882"}],"version-history":[{"count":2,"href":"https:\/\/jundiai.sp.gov.br\/noticias\/wp-json\/wp\/v2\/posts\/49882\/revisions"}],"predecessor-version":[{"id":138359,"href":"https:\/\/jundiai.sp.gov.br\/noticias\/wp-json\/wp\/v2\/posts\/49882\/revisions\/138359"}],"wp:attachment":[{"href":"https:\/\/jundiai.sp.gov.br\/noticias\/wp-json\/wp\/v2\/media?parent=49882"}],"wp:term":[{"taxonomy":"category","embeddable":true,"href":"https:\/\/jundiai.sp.gov.br\/noticias\/wp-json\/wp\/v2\/categories?post=49882"},{"taxonomy":"post_tag","embeddable":true,"href":"https:\/\/jundiai.sp.gov.br\/noticias\/wp-json\/wp\/v2\/tags?post=49882"},{"taxonomy":"ods","embeddable":true,"href":"https:\/\/jundiai.sp.gov.br\/noticias\/wp-json\/wp\/v2\/ods?post=49882"}],"curies":[{"name":"wp","href":"https:\/\/api.w.org\/{rel}","templated":true}]}}