{"id":49892,"date":"2013-01-15T22:35:43","date_gmt":"2013-01-16T00:35:43","guid":{"rendered":"https:\/\/jundiai.sp.gov.br\/noticias\/?p=49892"},"modified":"2016-11-04T10:51:46","modified_gmt":"2016-11-04T12:51:46","slug":"centro-administrativo-na-hortolandia-e-tema-de-reuniao","status":"publish","type":"post","link":"https:\/\/jundiai.sp.gov.br\/noticias\/2013\/01\/15\/centro-administrativo-na-hortolandia-e-tema-de-reuniao\/","title":{"rendered":"&#8216;Centro Administrativo&#8217; na Hortol\u00e2ndia \u00e9 tema de reuni\u00e3o"},"content":{"rendered":"<div id=\"attachment_138353\" style=\"width: 410px\" class=\"wp-caption alignleft\"><a href=\"https:\/\/jundiai.sp.gov.br\/noticias\/wp-content\/uploads\/sites\/32\/2013\/01\/reuniao_receita_federal_p_6g1.jpg\"><img loading=\"lazy\" decoding=\"async\" aria-describedby=\"caption-attachment-138353\" src=\"https:\/\/jundiai.sp.gov.br\/noticias\/wp-content\/uploads\/sites\/32\/2013\/01\/reuniao_receita_federal_p_6g1.jpg\" alt=\"Marquesim, Jos\u00e9 Roberto, o prefeito e o secret\u00e1rio\" width=\"400\" height=\"400\" class=\"size-full wp-image-138353\" \/><\/a><p id=\"caption-attachment-138353\" class=\"wp-caption-text\">Marquesim, Jos\u00e9 Roberto, o prefeito e o secret\u00e1rio<\/p><\/div>\n<p>O delegado da Receita Federal de Jundia\u00ed, Jos\u00e9 Roberto Mazarin, e Ant\u00f4nio Marquesin, respons\u00e1vel pela log\u00edstica do \u00f3rg\u00e3o, estiveram reunidos como prefeito Pedro Bigardi na tarde desta ter\u00e7a-feira (15).<\/p>\n<p><strong>Leia mais<br \/>\n<a href=\"https:\/\/jundiai.sp.gov.br\/noticias\/2013\/01\/sesi-do-sao-camilo-tem-previsao-de-entrega-neste-ano\/\" target=\"_blank\">SESI do S\u00e3o Camilo tem previs\u00e3o de entrega neste ano<\/a><\/strong><\/p>\n<p>No encontro, conversaram sobre o projeto do complexo \u201cCentro Administrativo\u201d, que ser\u00e1 formado na \u00e1rea que compreende a prefeitura at\u00e9 a Creche do Idoso.<\/p>\n<p>Futuramente, no local, a expectativa \u00e9 concentrar diversos \u00f3rg\u00e3os como o F\u00f3rum, Justi\u00e7a Federal, Minist\u00e9rio P\u00fablico e a pr\u00f3pria Delegacia da Receita Federal. Tamb\u00e9m participou o secret\u00e1rio de Neg\u00f3cios Jur\u00eddicos, Edson Aparecido da Rocha.<\/p>\n<p><strong><em>Foto: Fot\u00f3grafo PMJ<\/em><\/strong><\/p>\n","protected":false},"excerpt":{"rendered":"<p>Espa\u00e7o ser\u00e1 formado na \u00e1rea que compreende a prefeitura at\u00e9 a Creche do Idoso; saiba mais<\/p>\n","protected":false},"author":10,"featured_media":0,"comment_status":"closed","ping_status":"closed","sticky":false,"template":"","format":"standard","meta":{"footnotes":""},"categories":[2],"tags":[],"ods":[],"class_list":["post-49892","post","type-post","status-publish","format-standard","hentry","category-noticias"],"_links":{"self":[{"href":"https:\/\/jundiai.sp.gov.br\/noticias\/wp-json\/wp\/v2\/posts\/49892","targetHints":{"allow":["GET"]}}],"collection":[{"href":"https:\/\/jundiai.sp.gov.br\/noticias\/wp-json\/wp\/v2\/posts"}],"about":[{"href":"https:\/\/jundiai.sp.gov.br\/noticias\/wp-json\/wp\/v2\/types\/post"}],"author":[{"embeddable":true,"href":"https:\/\/jundiai.sp.gov.br\/noticias\/wp-json\/wp\/v2\/users\/10"}],"replies":[{"embeddable":true,"href":"https:\/\/jundiai.sp.gov.br\/noticias\/wp-json\/wp\/v2\/comments?post=49892"}],"version-history":[{"count":2,"href":"https:\/\/jundiai.sp.gov.br\/noticias\/wp-json\/wp\/v2\/posts\/49892\/revisions"}],"predecessor-version":[{"id":138354,"href":"https:\/\/jundiai.sp.gov.br\/noticias\/wp-json\/wp\/v2\/posts\/49892\/revisions\/138354"}],"wp:attachment":[{"href":"https:\/\/jundiai.sp.gov.br\/noticias\/wp-json\/wp\/v2\/media?parent=49892"}],"wp:term":[{"taxonomy":"category","embeddable":true,"href":"https:\/\/jundiai.sp.gov.br\/noticias\/wp-json\/wp\/v2\/categories?post=49892"},{"taxonomy":"post_tag","embeddable":true,"href":"https:\/\/jundiai.sp.gov.br\/noticias\/wp-json\/wp\/v2\/tags?post=49892"},{"taxonomy":"ods","embeddable":true,"href":"https:\/\/jundiai.sp.gov.br\/noticias\/wp-json\/wp\/v2\/ods?post=49892"}],"curies":[{"name":"wp","href":"https:\/\/api.w.org\/{rel}","templated":true}]}}