{"id":49924,"date":"2013-01-16T10:06:50","date_gmt":"2013-01-16T12:06:50","guid":{"rendered":"https:\/\/jundiai.sp.gov.br\/noticias\/?p=49924"},"modified":"2016-11-04T10:51:06","modified_gmt":"2016-11-04T12:51:06","slug":"encontro-de-prefeitos-em-jundiai-discute-parcerias","status":"publish","type":"post","link":"https:\/\/jundiai.sp.gov.br\/noticias\/2013\/01\/16\/encontro-de-prefeitos-em-jundiai-discute-parcerias\/","title":{"rendered":"Encontro de prefeitos em Jundia\u00ed discute parcerias"},"content":{"rendered":"<div id=\"attachment_138350\" style=\"width: 410px\" class=\"wp-caption alignleft\"><a href=\"https:\/\/jundiai.sp.gov.br\/noticias\/wp-content\/uploads\/sites\/32\/2013\/01\/visita_bocalon_p_4G.jpg\"><img loading=\"lazy\" decoding=\"async\" aria-describedby=\"caption-attachment-138350\" src=\"https:\/\/jundiai.sp.gov.br\/noticias\/wp-content\/uploads\/sites\/32\/2013\/01\/visita_bocalon_p_4G.jpg\" alt=\"O encontro aconteceu na Prefeitura de Jundia\u00ed\" width=\"400\" height=\"400\" class=\"size-full wp-image-138350\" \/><\/a><p id=\"caption-attachment-138350\" class=\"wp-caption-text\">O encontro aconteceu na Prefeitura de Jundia\u00ed<\/p><\/div>\n<p>Ricardo Bocalon, prefeito de Itupeva, esteve na manh\u00e3 desta ter\u00e7a-feira (15) visitando a Prefeitura de Jundia\u00ed. Ele foi recebido pelo chefe do Executivo, Pedro Bigardi, e conversaram sobre diversas quest\u00f5es que envolvem os dois munic\u00edpios, principalmente as parcerias que ser\u00e3o realizadas futuramente.<\/p>\n<p><strong>Leia mais<\/strong><br \/>\n<a href=\"https:\/\/jundiai.sp.gov.br\/noticias\/2013\/01\/centro-administrativo-na-hortolandia-e-tema-de-reuniao\/\" target=\"_blank\"><strong> \u2018Centro Administrativo\u2019 na Hortol\u00e2ndia \u00e9 tema de reuni\u00e3o<\/strong><\/a><\/p>\n<p>Tamb\u00e9m na pauta a Aglomera\u00e7\u00e3o Urbana de Jundia\u00ed e o trabalho conjunto entre as duas cidades. \u201cO encontro serviu para debater sobre os problemas regionais e tamb\u00e9m a pavimenta\u00e7\u00e3o entre Jundia\u00ed e Itupeva. As obras nestes trechos ser\u00e3o discutidas para solu\u00e7\u00e3o em breve\u201d, comentou o prefeito Pedro Bigardi.<\/p>\n<p><strong><em>Fotos: Fot\u00f3grafos PMJ<\/em><\/strong><\/p>\n","protected":false},"excerpt":{"rendered":"<p>Tamb\u00e9m na pauta a Aglomera\u00e7\u00e3o Urbana de Jundia\u00ed e o trabalho conjunto entre a cidade e Itupeva<\/p>\n","protected":false},"author":10,"featured_media":0,"comment_status":"closed","ping_status":"closed","sticky":false,"template":"","format":"standard","meta":{"footnotes":""},"categories":[2],"tags":[],"ods":[],"class_list":["post-49924","post","type-post","status-publish","format-standard","hentry","category-noticias"],"_links":{"self":[{"href":"https:\/\/jundiai.sp.gov.br\/noticias\/wp-json\/wp\/v2\/posts\/49924","targetHints":{"allow":["GET"]}}],"collection":[{"href":"https:\/\/jundiai.sp.gov.br\/noticias\/wp-json\/wp\/v2\/posts"}],"about":[{"href":"https:\/\/jundiai.sp.gov.br\/noticias\/wp-json\/wp\/v2\/types\/post"}],"author":[{"embeddable":true,"href":"https:\/\/jundiai.sp.gov.br\/noticias\/wp-json\/wp\/v2\/users\/10"}],"replies":[{"embeddable":true,"href":"https:\/\/jundiai.sp.gov.br\/noticias\/wp-json\/wp\/v2\/comments?post=49924"}],"version-history":[{"count":2,"href":"https:\/\/jundiai.sp.gov.br\/noticias\/wp-json\/wp\/v2\/posts\/49924\/revisions"}],"predecessor-version":[{"id":138351,"href":"https:\/\/jundiai.sp.gov.br\/noticias\/wp-json\/wp\/v2\/posts\/49924\/revisions\/138351"}],"wp:attachment":[{"href":"https:\/\/jundiai.sp.gov.br\/noticias\/wp-json\/wp\/v2\/media?parent=49924"}],"wp:term":[{"taxonomy":"category","embeddable":true,"href":"https:\/\/jundiai.sp.gov.br\/noticias\/wp-json\/wp\/v2\/categories?post=49924"},{"taxonomy":"post_tag","embeddable":true,"href":"https:\/\/jundiai.sp.gov.br\/noticias\/wp-json\/wp\/v2\/tags?post=49924"},{"taxonomy":"ods","embeddable":true,"href":"https:\/\/jundiai.sp.gov.br\/noticias\/wp-json\/wp\/v2\/ods?post=49924"}],"curies":[{"name":"wp","href":"https:\/\/api.w.org\/{rel}","templated":true}]}}