{"id":49930,"date":"2013-01-16T10:20:41","date_gmt":"2013-01-16T12:20:41","guid":{"rendered":"https:\/\/jundiai.sp.gov.br\/noticias\/?p=49930"},"modified":"2016-11-04T10:51:06","modified_gmt":"2016-11-04T12:51:06","slug":"tem-inicio-a-distribuicao-dos-carnes-do-iptu","status":"publish","type":"post","link":"https:\/\/jundiai.sp.gov.br\/noticias\/2013\/01\/16\/tem-inicio-a-distribuicao-dos-carnes-do-iptu\/","title":{"rendered":"Tem in\u00edcio a distribui\u00e7\u00e3o dos carn\u00eas do IPTU"},"content":{"rendered":"<p>Os 128 mil carn\u00eas do IPTU (Imposto Predial e Territorial Urbano) come\u00e7aram a ser distribu\u00eddos nesta ter\u00e7a-feira (15) pelos Correios. A expectativa \u00e9 que todos os contribuintes recebam rapidamente o documento. Em caso de extravio, o jundiaiense pode, a partir de fevereiro, imprimir a segunda-via que <a href=\"https:\/\/jundiai.sp.gov.br\/noticias\/financas\/iptu\/\" target=\"_blank\"><strong>estar\u00e1 dispon\u00edvel neste portal<\/strong><\/a>.<\/p>\n<div id=\"attachment_138346\" style=\"width: 410px\" class=\"wp-caption alignleft\"><a href=\"https:\/\/jundiai.sp.gov.br\/noticias\/wp-content\/uploads\/sites\/32\/2013\/01\/iptu0g.jpg\"><img loading=\"lazy\" decoding=\"async\" aria-describedby=\"caption-attachment-138346\" src=\"https:\/\/jundiai.sp.gov.br\/noticias\/wp-content\/uploads\/sites\/32\/2013\/01\/iptu0g.jpg\" alt=\"O envio dos carn\u00eas come\u00e7ou nesta ter\u00e7a-feira\" width=\"400\" height=\"400\" class=\"size-full wp-image-138346\" \/><\/a><p id=\"caption-attachment-138346\" class=\"wp-caption-text\">O envio dos carn\u00eas come\u00e7ou nesta ter\u00e7a-feira<\/p><\/div>\n<p>Neste ano houve reajuste de 5,42% pelo INPC (\u00cdndice Nacional de Pre\u00e7os ao Consumidor). Quem pagou em dia o carn\u00ea de 2012 tem desconto de 5%. Se quiser aumentar esta porcentagem para 10%, basta pagar em parcela \u00fanica at\u00e9 a data do vencimento, a partir do dia 18 de fevereiro, conforme a tabela de entrega publicada na Imprensa Oficial.<\/p>\n<p><strong>Isen\u00e7\u00e3o<\/strong><br \/>\nEst\u00e3o isentos aposentados e pensionistas desde que se enquadrem nos crit\u00e9rios estipulados pela Secretaria de Finan\u00e7as. \u201cTem direito \u00e0 isen\u00e7\u00e3o quem receber no m\u00e1ximo o valor de tr\u00eas sal\u00e1rios m\u00ednimos, morar no im\u00f3vel e a resid\u00eancia n\u00e3o pode ter mais do que 120 m\u00b2\u201d, disse Galv\u00e3o.<\/p>\n<p>A expectativa \u00e9 que o munic\u00edpio arrecade R$ 98.990.000,00 conforme or\u00e7amento aprovado para este ano. No IPTU tamb\u00e9m est\u00e1 inclusa a taxa de coleta do lixo e pode ser pago em at\u00e9 10 parcelas mensais e consecutivas. O carn\u00ea do IPTU pode ser pago em toda rede banc\u00e1ria de Jundia\u00ed, casas lot\u00e9ricas e ag\u00eancias dos Correios.<\/p>\n","protected":false},"excerpt":{"rendered":"<p>Tem desconto para quem pagou em dia o IPTU de 2012; quem optar em pagamento \u00e0 vista tamb\u00e9m ser\u00e1 beneficiado  <\/p>\n","protected":false},"author":10,"featured_media":0,"comment_status":"closed","ping_status":"closed","sticky":false,"template":"","format":"standard","meta":{"footnotes":""},"categories":[2],"tags":[],"ods":[],"class_list":["post-49930","post","type-post","status-publish","format-standard","hentry","category-noticias"],"_links":{"self":[{"href":"https:\/\/jundiai.sp.gov.br\/noticias\/wp-json\/wp\/v2\/posts\/49930","targetHints":{"allow":["GET"]}}],"collection":[{"href":"https:\/\/jundiai.sp.gov.br\/noticias\/wp-json\/wp\/v2\/posts"}],"about":[{"href":"https:\/\/jundiai.sp.gov.br\/noticias\/wp-json\/wp\/v2\/types\/post"}],"author":[{"embeddable":true,"href":"https:\/\/jundiai.sp.gov.br\/noticias\/wp-json\/wp\/v2\/users\/10"}],"replies":[{"embeddable":true,"href":"https:\/\/jundiai.sp.gov.br\/noticias\/wp-json\/wp\/v2\/comments?post=49930"}],"version-history":[{"count":2,"href":"https:\/\/jundiai.sp.gov.br\/noticias\/wp-json\/wp\/v2\/posts\/49930\/revisions"}],"predecessor-version":[{"id":138348,"href":"https:\/\/jundiai.sp.gov.br\/noticias\/wp-json\/wp\/v2\/posts\/49930\/revisions\/138348"}],"wp:attachment":[{"href":"https:\/\/jundiai.sp.gov.br\/noticias\/wp-json\/wp\/v2\/media?parent=49930"}],"wp:term":[{"taxonomy":"category","embeddable":true,"href":"https:\/\/jundiai.sp.gov.br\/noticias\/wp-json\/wp\/v2\/categories?post=49930"},{"taxonomy":"post_tag","embeddable":true,"href":"https:\/\/jundiai.sp.gov.br\/noticias\/wp-json\/wp\/v2\/tags?post=49930"},{"taxonomy":"ods","embeddable":true,"href":"https:\/\/jundiai.sp.gov.br\/noticias\/wp-json\/wp\/v2\/ods?post=49930"}],"curies":[{"name":"wp","href":"https:\/\/api.w.org\/{rel}","templated":true}]}}