{"id":49965,"date":"2013-01-16T11:48:41","date_gmt":"2013-01-16T13:48:41","guid":{"rendered":"https:\/\/jundiai.sp.gov.br\/noticias\/?p=49965"},"modified":"2016-11-04T10:51:06","modified_gmt":"2016-11-04T12:51:06","slug":"setransp-informa-suas-proximas-interdicoes","status":"publish","type":"post","link":"https:\/\/jundiai.sp.gov.br\/noticias\/2013\/01\/16\/setransp-informa-suas-proximas-interdicoes\/","title":{"rendered":"Setransp informa suas pr\u00f3ximas interdi\u00e7\u00f5es"},"content":{"rendered":"<p>A Secretaria de Transportes, por meio da Divis\u00e3o de Tr\u00e2nsito, informa que far\u00e1 interdi\u00e7\u00f5es na rua Rangel Pestana, nas imedia\u00e7\u00f5es do n\u00famero 334, para opera\u00e7\u00e3o de carga e descarga nas datas e hor\u00e1rios a seguir:<\/p>\n<p><strong>Dias 18 e 25 de janeiro<\/strong>, das 00h \u00e0s 24h &#8211; Opera\u00e7\u00e3o das 14h \u00e0s 24h.<\/p>\n<p><strong>Dias 01, 08, 15 e 22 de fevereiro<\/strong>, das 00h \u00e0s 24h &#8211; Opera\u00e7\u00e3o das 14h \u00e0s 24h.<\/p>\n<p><strong>01, 08, 15, 22 e 29 de mar\u00e7o<\/strong>, das 00h \u00e0s 24h &#8211; Opera\u00e7\u00e3o das 14h \u00e0s 24h.<\/p>\n<p><strong>05, 12, 19 e 26 de abril<\/strong>, das 00h \u00e0s 24h &#8211; Opera\u00e7\u00e3o das 14h \u00e0s 24h.<\/p>\n<p><strong>03, 10, 17, 24 e 31 de maio<\/strong>, das 00h \u00e0s 24h &#8211; Opera\u00e7\u00e3o das 14h \u00e0s 24h.<\/p>\n<p><strong>07, 14, 21 e 28 de junho<\/strong>, das 00h \u00e0s 24h &#8211; Opera\u00e7\u00e3o das 14h \u00e0s 24h.<\/p>\n<p><strong>Mais interdi\u00e7\u00e3o<\/strong><br \/>\nA Divis\u00e3o de Tr\u00e2nsito da Setransp sinalizar\u00e1, de forma a proibir o estacionamento de ve\u00edculos, na rua Fernando Carlos Orsini de Castro, Jardim Brasil, em frente e oposto ao n\u00ba 57, para opera\u00e7\u00e3o de carga e descarga, promovida pela empresa Concrebase, nos dias <strong>17 e 18 de janeiro<\/strong> (quinta e sexta ), no hor\u00e1rio das 08h \u00e0s 16h, conforme sinaliza\u00e7\u00e3o no local. A proibi\u00e7\u00e3o de estacionamento de ve\u00edculos no lado oposto \u00e0 opera\u00e7\u00e3o ser\u00e1 feita para a seguran\u00e7a e fluidez do tr\u00e1fego local, devido \u00e0 largura da via.<\/p>\n","protected":false},"excerpt":{"rendered":"<p>Interven\u00e7\u00e3o ser\u00e1 em estacionamento da rua Rangel Pestana, para carga e descarga; veja mais<\/p>\n","protected":false},"author":10,"featured_media":0,"comment_status":"closed","ping_status":"closed","sticky":false,"template":"","format":"standard","meta":{"footnotes":""},"categories":[2],"tags":[],"ods":[],"class_list":["post-49965","post","type-post","status-publish","format-standard","hentry","category-noticias"],"_links":{"self":[{"href":"https:\/\/jundiai.sp.gov.br\/noticias\/wp-json\/wp\/v2\/posts\/49965","targetHints":{"allow":["GET"]}}],"collection":[{"href":"https:\/\/jundiai.sp.gov.br\/noticias\/wp-json\/wp\/v2\/posts"}],"about":[{"href":"https:\/\/jundiai.sp.gov.br\/noticias\/wp-json\/wp\/v2\/types\/post"}],"author":[{"embeddable":true,"href":"https:\/\/jundiai.sp.gov.br\/noticias\/wp-json\/wp\/v2\/users\/10"}],"replies":[{"embeddable":true,"href":"https:\/\/jundiai.sp.gov.br\/noticias\/wp-json\/wp\/v2\/comments?post=49965"}],"version-history":[{"count":1,"href":"https:\/\/jundiai.sp.gov.br\/noticias\/wp-json\/wp\/v2\/posts\/49965\/revisions"}],"predecessor-version":[{"id":181364,"href":"https:\/\/jundiai.sp.gov.br\/noticias\/wp-json\/wp\/v2\/posts\/49965\/revisions\/181364"}],"wp:attachment":[{"href":"https:\/\/jundiai.sp.gov.br\/noticias\/wp-json\/wp\/v2\/media?parent=49965"}],"wp:term":[{"taxonomy":"category","embeddable":true,"href":"https:\/\/jundiai.sp.gov.br\/noticias\/wp-json\/wp\/v2\/categories?post=49965"},{"taxonomy":"post_tag","embeddable":true,"href":"https:\/\/jundiai.sp.gov.br\/noticias\/wp-json\/wp\/v2\/tags?post=49965"},{"taxonomy":"ods","embeddable":true,"href":"https:\/\/jundiai.sp.gov.br\/noticias\/wp-json\/wp\/v2\/ods?post=49965"}],"curies":[{"name":"wp","href":"https:\/\/api.w.org\/{rel}","templated":true}]}}