{"id":49975,"date":"2013-01-16T13:49:40","date_gmt":"2013-01-16T15:49:40","guid":{"rendered":"https:\/\/jundiai.sp.gov.br\/noticias\/?p=49975"},"modified":"2016-11-04T10:51:07","modified_gmt":"2016-11-04T12:51:07","slug":"tenista-jundiaiense-conquista-titulo-em-alphaville","status":"publish","type":"post","link":"https:\/\/jundiai.sp.gov.br\/noticias\/2013\/01\/16\/tenista-jundiaiense-conquista-titulo-em-alphaville\/","title":{"rendered":"Tenista jundiaiense conquista t\u00edtulo em Alphaville"},"content":{"rendered":"<p>A tenista jundiaiense \u00c9rika Drozd Pereira participou da 1\u00aa Etapa do Circuito Paulista de T\u00eanis, torneio supervisionado pela Confedera\u00e7\u00e3o Brasileira de T\u00eanis, realizado dia 7 passado, na Academia Slice Tennis, em Alphaville. Com o in\u00edcio da temporada, \u00c9rika trouxe para casa o t\u00edtulo de simples e duplas em sua categoria na competi\u00e7\u00e3o.<\/p>\n<p><strong>Leia tamb\u00e9m<br \/>\n<a href=\"https:\/\/jundiai.sp.gov.br\/noticias\/2013\/01\/sesi-do-sao-camilo-tem-previsao-de-entrega-neste-ano\/\" target=\"_blank\">SESI do S\u00e3o Camilo tem previs\u00e3o de entrega neste ano<\/a><\/strong><\/p>\n<div id=\"attachment_138336\" style=\"width: 410px\" class=\"wp-caption alignleft\"><a href=\"https:\/\/jundiai.sp.gov.br\/noticias\/wp-content\/uploads\/sites\/32\/2013\/01\/tenis_G1.jpg\"><img loading=\"lazy\" decoding=\"async\" aria-describedby=\"caption-attachment-138336\" src=\"https:\/\/jundiai.sp.gov.br\/noticias\/wp-content\/uploads\/sites\/32\/2013\/01\/tenis_G1.jpg\" alt=\"\u00c9rika, acompanhada do t\u00e9cnico Emerson Lima\" width=\"400\" height=\"400\" class=\"size-full wp-image-138336\" \/><\/a><p id=\"caption-attachment-138336\" class=\"wp-caption-text\">\u00c9rika, acompanhada do t\u00e9cnico Emerson Lima<\/p><\/div>\n<p>Na chave de simples, a tenista venceu Isabella Calves, por 6&#215;1 e 6&#215;4; na seq\u00fc\u00eancia, enfrentou Rafaela Rodrigues dos Santos, vencendo por 6&#215;1, 0x6 e 6&#215;1. J\u00e1 na final, venceu Beatriz Silva por 6&#215;0 e 6&#215;2. Na chave de duplas, ao lado de Stefanie Santos, venceu Amanda Silva e Rafaela Francischini por 8&#215;4 em set pr\u00f3 e, depois, Beatriz Silva e Pamela Wu por 8&#215;3.<\/p>\n<p>Acompanhada de perto pelo t\u00e9cnico Emerson Lima, Erika se prepara agora para as pr\u00f3ximas etapas do Circuito Paulista, que acontecer\u00e3o ainda em janeiro. A atleta integra a equipe que representa Jundia\u00ed nos Jogos Regionais e Abertos, pela Secretaria Adjunta de Esportes.<\/p>\n<p><strong><em>Foto: Fot\u00f3grafo PMJ<\/em><\/strong><\/p>\n","protected":false},"excerpt":{"rendered":"<p>Atleta integra a equipe que representa Jundia\u00ed nos Jogos Regionais e Abertos, pela Secretaria de Esportes<\/p>\n","protected":false},"author":10,"featured_media":0,"comment_status":"closed","ping_status":"closed","sticky":false,"template":"","format":"standard","meta":{"footnotes":""},"categories":[2],"tags":[],"ods":[],"class_list":["post-49975","post","type-post","status-publish","format-standard","hentry","category-noticias"],"_links":{"self":[{"href":"https:\/\/jundiai.sp.gov.br\/noticias\/wp-json\/wp\/v2\/posts\/49975","targetHints":{"allow":["GET"]}}],"collection":[{"href":"https:\/\/jundiai.sp.gov.br\/noticias\/wp-json\/wp\/v2\/posts"}],"about":[{"href":"https:\/\/jundiai.sp.gov.br\/noticias\/wp-json\/wp\/v2\/types\/post"}],"author":[{"embeddable":true,"href":"https:\/\/jundiai.sp.gov.br\/noticias\/wp-json\/wp\/v2\/users\/10"}],"replies":[{"embeddable":true,"href":"https:\/\/jundiai.sp.gov.br\/noticias\/wp-json\/wp\/v2\/comments?post=49975"}],"version-history":[{"count":2,"href":"https:\/\/jundiai.sp.gov.br\/noticias\/wp-json\/wp\/v2\/posts\/49975\/revisions"}],"predecessor-version":[{"id":138337,"href":"https:\/\/jundiai.sp.gov.br\/noticias\/wp-json\/wp\/v2\/posts\/49975\/revisions\/138337"}],"wp:attachment":[{"href":"https:\/\/jundiai.sp.gov.br\/noticias\/wp-json\/wp\/v2\/media?parent=49975"}],"wp:term":[{"taxonomy":"category","embeddable":true,"href":"https:\/\/jundiai.sp.gov.br\/noticias\/wp-json\/wp\/v2\/categories?post=49975"},{"taxonomy":"post_tag","embeddable":true,"href":"https:\/\/jundiai.sp.gov.br\/noticias\/wp-json\/wp\/v2\/tags?post=49975"},{"taxonomy":"ods","embeddable":true,"href":"https:\/\/jundiai.sp.gov.br\/noticias\/wp-json\/wp\/v2\/ods?post=49975"}],"curies":[{"name":"wp","href":"https:\/\/api.w.org\/{rel}","templated":true}]}}