{"id":49982,"date":"2013-01-16T13:59:54","date_gmt":"2013-01-16T15:59:54","guid":{"rendered":"https:\/\/jundiai.sp.gov.br\/noticias\/?p=49982"},"modified":"2016-11-04T10:51:07","modified_gmt":"2016-11-04T12:51:07","slug":"escoltado-por-policia-rodoviaria-bebe-nasce-a-caminho-do-hu","status":"publish","type":"post","link":"https:\/\/jundiai.sp.gov.br\/noticias\/2013\/01\/16\/escoltado-por-policia-rodoviaria-bebe-nasce-a-caminho-do-hu\/","title":{"rendered":"Escoltado por pol\u00edcia rodovi\u00e1ria, beb\u00ea nasce a caminho do HU"},"content":{"rendered":"<p>Um beb\u00ea nasceu na manh\u00e3 desta quarta-feira (16) a caminho do HU (Hospital Universit\u00e1rio), enquanto era escoltado por viatura da 1\u00aa Companhia do 4\u00ba Batalh\u00e3o da Pol\u00edcia Rodovi\u00e1ria. Segundo o 3\u00ba Sargento, J. Ferreira, que estava acompanhado pelo soldado Dielison, a viatura passava pelo Jardim Tarum\u00e3 quando um vizinho pediu ajuda. <\/p>\n<div id=\"attachment_138333\" style=\"width: 410px\" class=\"wp-caption alignleft\"><a href=\"https:\/\/jundiai.sp.gov.br\/noticias\/wp-content\/uploads\/sites\/32\/2013\/01\/parto_g1.jpg\"><img loading=\"lazy\" decoding=\"async\" aria-describedby=\"caption-attachment-138333\" src=\"https:\/\/jundiai.sp.gov.br\/noticias\/wp-content\/uploads\/sites\/32\/2013\/01\/parto_g1.jpg\" alt=\"O pequeno Hugo com o 3\u00ba Sgt PM J. Ferreira e Sd PM Dielison, da 1\u00aa Cia do 4\u00ba BPRv\" width=\"400\" height=\"400\" class=\"size-full wp-image-138333\" \/><\/a><p id=\"caption-attachment-138333\" class=\"wp-caption-text\">O pequeno Hugo com o 3\u00ba Sgt PM J. Ferreira e Sd PM Dielison, da 1\u00aa Cia do 4\u00ba BPRv<\/p><\/div>\n<p>\u201cA mulher j\u00e1 estava em trabalho de parto no carro dele e, devido \u00e0 situa\u00e7\u00e3o, n\u00e3o t\u00ednhamos como transferi-la para nossa viatura, ent\u00e3o realizamos a escolta do carro para agilizarmos a chegada ao hospital.\u201d<\/p>\n<p>No hospital, m\u00e3e e filho foram socorridos pela equipe do Pronto Socorro de Ginecologia e Obstetr\u00edcia que cortaram o cord\u00e3o umbilical e realizaram o primeiro atendimento. <\/p>\n<p>\u201c\u00c9 sempre um susto, mas quando cheguei e vi a crian\u00e7a chorando j\u00e1 me tranquilizei\u201d, conta a Dra. Janaina Almeida de Souza, ginecologista e obstetra que viveu situa\u00e7\u00e3o semelhante h\u00e1 menos de 6 meses.  <\/p>\n<p>O beb\u00ea, um menino, se chamar\u00e1 Hugo e nasceu com 3,780 Kg e 49,5 cm. A m\u00e3e, J\u00e9ssica Graciane dos Santos Pinto, 20 anos, e seu filho passam bem.<\/p>\n<p><strong><em>Foto: Divulga\u00e7\u00e3o<\/em><\/strong><\/p>\n","protected":false},"excerpt":{"rendered":"<p>Beb\u00ea, um menino, e sua m\u00e3e, J\u00e9ssica Graciane dos Santos, passam bem; veja como tudo aconteceu<\/p>\n","protected":false},"author":10,"featured_media":0,"comment_status":"closed","ping_status":"closed","sticky":false,"template":"","format":"standard","meta":{"footnotes":""},"categories":[2],"tags":[],"ods":[],"class_list":["post-49982","post","type-post","status-publish","format-standard","hentry","category-noticias"],"_links":{"self":[{"href":"https:\/\/jundiai.sp.gov.br\/noticias\/wp-json\/wp\/v2\/posts\/49982","targetHints":{"allow":["GET"]}}],"collection":[{"href":"https:\/\/jundiai.sp.gov.br\/noticias\/wp-json\/wp\/v2\/posts"}],"about":[{"href":"https:\/\/jundiai.sp.gov.br\/noticias\/wp-json\/wp\/v2\/types\/post"}],"author":[{"embeddable":true,"href":"https:\/\/jundiai.sp.gov.br\/noticias\/wp-json\/wp\/v2\/users\/10"}],"replies":[{"embeddable":true,"href":"https:\/\/jundiai.sp.gov.br\/noticias\/wp-json\/wp\/v2\/comments?post=49982"}],"version-history":[{"count":2,"href":"https:\/\/jundiai.sp.gov.br\/noticias\/wp-json\/wp\/v2\/posts\/49982\/revisions"}],"predecessor-version":[{"id":138334,"href":"https:\/\/jundiai.sp.gov.br\/noticias\/wp-json\/wp\/v2\/posts\/49982\/revisions\/138334"}],"wp:attachment":[{"href":"https:\/\/jundiai.sp.gov.br\/noticias\/wp-json\/wp\/v2\/media?parent=49982"}],"wp:term":[{"taxonomy":"category","embeddable":true,"href":"https:\/\/jundiai.sp.gov.br\/noticias\/wp-json\/wp\/v2\/categories?post=49982"},{"taxonomy":"post_tag","embeddable":true,"href":"https:\/\/jundiai.sp.gov.br\/noticias\/wp-json\/wp\/v2\/tags?post=49982"},{"taxonomy":"ods","embeddable":true,"href":"https:\/\/jundiai.sp.gov.br\/noticias\/wp-json\/wp\/v2\/ods?post=49982"}],"curies":[{"name":"wp","href":"https:\/\/api.w.org\/{rel}","templated":true}]}}