{"id":50433,"date":"2013-01-18T19:24:59","date_gmt":"2013-01-18T21:24:59","guid":{"rendered":"https:\/\/jundiai.sp.gov.br\/noticias\/?p=50433"},"modified":"2020-11-06T15:41:52","modified_gmt":"2020-11-06T18:41:52","slug":"representantes-de-festas-recebem-orientacao","status":"publish","type":"post","link":"https:\/\/jundiai.sp.gov.br\/noticias\/2013\/01\/18\/representantes-de-festas-recebem-orientacao\/","title":{"rendered":"Representantes de festas recebem orienta\u00e7\u00e3o"},"content":{"rendered":"<div id=\"attachment_138203\" style=\"width: 410px\" class=\"wp-caption alignleft\"><a href=\"https:\/\/jundiai.sp.gov.br\/noticias\/wp-content\/uploads\/sites\/32\/2013\/01\/vigilancia_sanitaria_uva1g.jpg\"><img loading=\"lazy\" decoding=\"async\" aria-describedby=\"caption-attachment-138203\" class=\"size-full wp-image-138203\" src=\"https:\/\/jundiai.sp.gov.br\/noticias\/wp-content\/uploads\/sites\/32\/2013\/01\/vigilancia_sanitaria_uva1g.jpg\" alt=\"Na reuni\u00e3o, os participantes receberam orient\u00e3o da Vigil\u00e2ncia\" width=\"400\" height=\"400\" \/><\/a><p id=\"caption-attachment-138203\" class=\"wp-caption-text\">Na reuni\u00e3o, os participantes receberam orient\u00e3o da Vigil\u00e2ncia<\/p><\/div>\n<p>O secret\u00e1rio de Agricultura, Abastecimento e Turismo Rural, Marcos Brunholi, se reuniu na noite desta quinta-feira (17) com representantes de tradicionais festas do munic\u00edpio. O motivo do encontro foi realizar orienta\u00e7\u00e3o para que todos sigam os padr\u00f5es da Vigil\u00e2ncia Sanit\u00e1ria durante a Festa da Uva.<\/p>\n<p><a href=\"https:\/\/festadauva.jundiai.sp.gov.br\/\" target=\"_blank\" rel=\"noopener noreferrer\"><strong>Conhe\u00e7a o site da Festa da Uva<\/strong><\/a><\/p>\n<p>Segundo Brunholi, o evento contar\u00e1 com 19 barracas com comidas t\u00edpicas de festas que ocorrem em bairros da cidade, como Toca, Caxambu, Roseira, Bairro do Poste, Vila Arens, entre outros.<\/p>\n<p>\u201cA reuni\u00e3o foi importante para que todos ficassem por dentro das exig\u00eancias da Vigil\u00e2ncia\u201d, frisa, ressaltando que entre as orienta\u00e7\u00f5es, est\u00e3o a maneira correta de transportar produtos, temperatura dos alimentos, higiene, e outras.<\/p>\n<p>O secret\u00e1rio explica que em cada barraca haver\u00e1 um prato t\u00edpico de populares eventos da cidade. No card\u00e1pio, segundo ele, est\u00e3o pasteis, crustuli, nhoque, suco de uva, e diversas del\u00edcias.<\/p>\n<p><strong><em>Fotos: Fot\u00f3grafos PMJ<\/em><\/strong><\/p>\n","protected":false},"excerpt":{"rendered":"<p>Encontro orientou para que todos sigam os padr\u00f5es da Vigil\u00e2ncia Sanit\u00e1ria durante a Festa da Uva<\/p>\n","protected":false},"author":10,"featured_media":0,"comment_status":"closed","ping_status":"closed","sticky":false,"template":"","format":"standard","meta":{"footnotes":""},"categories":[2],"tags":[],"ods":[],"class_list":["post-50433","post","type-post","status-publish","format-standard","hentry","category-noticias"],"_links":{"self":[{"href":"https:\/\/jundiai.sp.gov.br\/noticias\/wp-json\/wp\/v2\/posts\/50433","targetHints":{"allow":["GET"]}}],"collection":[{"href":"https:\/\/jundiai.sp.gov.br\/noticias\/wp-json\/wp\/v2\/posts"}],"about":[{"href":"https:\/\/jundiai.sp.gov.br\/noticias\/wp-json\/wp\/v2\/types\/post"}],"author":[{"embeddable":true,"href":"https:\/\/jundiai.sp.gov.br\/noticias\/wp-json\/wp\/v2\/users\/10"}],"replies":[{"embeddable":true,"href":"https:\/\/jundiai.sp.gov.br\/noticias\/wp-json\/wp\/v2\/comments?post=50433"}],"version-history":[{"count":2,"href":"https:\/\/jundiai.sp.gov.br\/noticias\/wp-json\/wp\/v2\/posts\/50433\/revisions"}],"predecessor-version":[{"id":258389,"href":"https:\/\/jundiai.sp.gov.br\/noticias\/wp-json\/wp\/v2\/posts\/50433\/revisions\/258389"}],"wp:attachment":[{"href":"https:\/\/jundiai.sp.gov.br\/noticias\/wp-json\/wp\/v2\/media?parent=50433"}],"wp:term":[{"taxonomy":"category","embeddable":true,"href":"https:\/\/jundiai.sp.gov.br\/noticias\/wp-json\/wp\/v2\/categories?post=50433"},{"taxonomy":"post_tag","embeddable":true,"href":"https:\/\/jundiai.sp.gov.br\/noticias\/wp-json\/wp\/v2\/tags?post=50433"},{"taxonomy":"ods","embeddable":true,"href":"https:\/\/jundiai.sp.gov.br\/noticias\/wp-json\/wp\/v2\/ods?post=50433"}],"curies":[{"name":"wp","href":"https:\/\/api.w.org\/{rel}","templated":true}]}}