{"id":50495,"date":"2013-01-21T12:07:33","date_gmt":"2013-01-21T14:07:33","guid":{"rendered":"https:\/\/jundiai.sp.gov.br\/noticias\/?p=50495"},"modified":"2016-11-30T11:24:27","modified_gmt":"2016-11-30T13:24:27","slug":"setransp-informa-suas-proximas-interdicoes-3","status":"publish","type":"post","link":"https:\/\/jundiai.sp.gov.br\/noticias\/2013\/01\/21\/setransp-informa-suas-proximas-interdicoes-3\/","title":{"rendered":"Setransp informa suas pr\u00f3ximas interdi\u00e7\u00f5es"},"content":{"rendered":"<p>A Setransp informa que far\u00e1 a escolta da prociss\u00e3o realizada pela Par\u00f3quia S\u00e3o Jo\u00e3o Bosco, que ocorre no dia 31 de janeiro, das 19h30 \u00e0s 20h30, no trajeto compreendido pelas ruas Lauro Scarabello e Benedito Castilho de Andrade, at\u00e9 chegar \u00e0 igreja. Por conta disso, haver\u00e1 tamb\u00e9m sinaliza\u00e7\u00e3o no local.<\/p>\n<p>A Setransp tamb\u00e9m autorizou a empresa D.B.O. engenharia ambiental a sinalizar, de modo a ocupar meia faixa da via, a rua Capit\u00e3o Curado, na Vila Progresso, no trecho entre as ruas Maestro Bovolenta e Jo\u00e3o Marques Lisboa. A obra ser\u00e1 feita em uma quadra por vez, no per\u00edodo de 23 de janeiro a 30 de fevereiro, no hor\u00e1rio das 7h \u00e0s 20h, conforme sinaliza\u00e7\u00e3o no local.<\/p>\n","protected":false},"excerpt":{"rendered":"<p>Interven\u00e7\u00e3o vi\u00e1ria ocorre em raz\u00e3o de evento religioso e de trabalho de empresa de engenharia ambiental  <\/p>\n","protected":false},"author":10,"featured_media":0,"comment_status":"closed","ping_status":"closed","sticky":false,"template":"","format":"standard","meta":{"footnotes":""},"categories":[2],"tags":[],"ods":[],"class_list":["post-50495","post","type-post","status-publish","format-standard","hentry","category-noticias"],"_links":{"self":[{"href":"https:\/\/jundiai.sp.gov.br\/noticias\/wp-json\/wp\/v2\/posts\/50495","targetHints":{"allow":["GET"]}}],"collection":[{"href":"https:\/\/jundiai.sp.gov.br\/noticias\/wp-json\/wp\/v2\/posts"}],"about":[{"href":"https:\/\/jundiai.sp.gov.br\/noticias\/wp-json\/wp\/v2\/types\/post"}],"author":[{"embeddable":true,"href":"https:\/\/jundiai.sp.gov.br\/noticias\/wp-json\/wp\/v2\/users\/10"}],"replies":[{"embeddable":true,"href":"https:\/\/jundiai.sp.gov.br\/noticias\/wp-json\/wp\/v2\/comments?post=50495"}],"version-history":[{"count":1,"href":"https:\/\/jundiai.sp.gov.br\/noticias\/wp-json\/wp\/v2\/posts\/50495\/revisions"}],"predecessor-version":[{"id":181384,"href":"https:\/\/jundiai.sp.gov.br\/noticias\/wp-json\/wp\/v2\/posts\/50495\/revisions\/181384"}],"wp:attachment":[{"href":"https:\/\/jundiai.sp.gov.br\/noticias\/wp-json\/wp\/v2\/media?parent=50495"}],"wp:term":[{"taxonomy":"category","embeddable":true,"href":"https:\/\/jundiai.sp.gov.br\/noticias\/wp-json\/wp\/v2\/categories?post=50495"},{"taxonomy":"post_tag","embeddable":true,"href":"https:\/\/jundiai.sp.gov.br\/noticias\/wp-json\/wp\/v2\/tags?post=50495"},{"taxonomy":"ods","embeddable":true,"href":"https:\/\/jundiai.sp.gov.br\/noticias\/wp-json\/wp\/v2\/ods?post=50495"}],"curies":[{"name":"wp","href":"https:\/\/api.w.org\/{rel}","templated":true}]}}