{"id":50536,"date":"2013-01-21T19:19:17","date_gmt":"2013-01-21T21:19:17","guid":{"rendered":"https:\/\/jundiai.sp.gov.br\/noticias\/?p=50536"},"modified":"2016-11-30T11:24:28","modified_gmt":"2016-11-30T13:24:28","slug":"secretario-de-desenvolvimento-economico-toma-posse","status":"publish","type":"post","link":"https:\/\/jundiai.sp.gov.br\/noticias\/2013\/01\/21\/secretario-de-desenvolvimento-economico-toma-posse\/","title":{"rendered":"Secret\u00e1rio de Desenvolvimento Econ\u00f4mico toma posse"},"content":{"rendered":"<p>O empres\u00e1rio Marcelo Cereser tomou posse na tarde desta segunda-feira (21) a Secretaria de Desenvolvimento Econ\u00f4mico. Ele que foi indicado ainda em 2012 para a pasta pelo prefeito Pedro Bigardi, no entanto, por motivo de viagem assumida desde o ano passado, o ato aconteceu somente agora. A solenidade teve a participa\u00e7\u00e3o do secret\u00e1rio da Casa Civil, Jos\u00e9 Carlos Pires, e os diretores da secretaria de Desenvolvimento Econ\u00f4mico, Jos\u00e9 Dimas Gon\u00e7alves, da Ci\u00eancia e Tecnologia, e Edison Maltoni, diretor de Fomento Comercial e Servi\u00e7os. Durante este per\u00edodo, Gilson Pichioli, diretor de Fomento Industrial, respondeu interinamente pela secretaria.<\/p>\n<div id=\"attachment_138153\" style=\"width: 410px\" class=\"wp-caption alignleft\"><a href=\"https:\/\/jundiai.sp.gov.br\/noticias\/wp-content\/uploads\/sites\/32\/2013\/01\/nomeacao_marcelo_cereser_p_19g1.jpg\"><img loading=\"lazy\" decoding=\"async\" aria-describedby=\"caption-attachment-138153\" src=\"https:\/\/jundiai.sp.gov.br\/noticias\/wp-content\/uploads\/sites\/32\/2013\/01\/nomeacao_marcelo_cereser_p_19g1.jpg\" alt=\"Marcelo Cereser e o prefeito Pedro Bigardi durante a posse\" width=\"400\" height=\"400\" class=\"size-full wp-image-138153\" \/><\/a><p id=\"caption-attachment-138153\" class=\"wp-caption-text\">Marcelo Cereser e o prefeito Pedro Bigardi durante a posse<\/p><\/div>\n<p>\u201c\u00c9 um desafio grande para todos n\u00f3s. Fico honrado com o convite. O prefeito me possibilitou trazer pessoas de renome da \u00e1rea privada. S\u00e3o profissionais gabaritados. Ainda estou montando a estrutura da pasta, \u00e9 cedo para falar alguma coisa, mas temos a\u00e7\u00f5es importantes para trabalhar. Entre eles, o PAT (Posto de Atendimento ao Trabalhador) e o Banco do Povo. Estamos tomando ci\u00eancia da estrutura para atender melhor a popula\u00e7\u00e3o\u201d, disse Cereser.<\/p>\n<p>O prefeito Pedro Bigardi destacou que &#8220;estava na expectativa de o Marcelo come\u00e7ar a trabalhar. O secret\u00e1rio representa muito pelo seu papel na Ciesp (Centro de Ind\u00fastrias do Estado de S\u00e3o Paulo) e pela tradi\u00e7\u00e3o da sua fam\u00edlia. Tenho orgulho de t\u00ea-lo na nossa equipe. \u00c9 uma pessoa da cidade, que nos trar\u00e1 um leque de contribui\u00e7\u00e3o grande.\u201d <\/p>\n<p><strong>Experi\u00eancia<\/strong><br \/>\nO jundiaiense Marcelo Cereser \u00e9 formado em administra\u00e7\u00e3o de empresas e direito, al\u00e9m de MBA em Varejo. \u00c9 diretor-superintendente da Castelo Alimentos S\/A e conselheiro da Viti Vin\u00edcola Cereser Ltda, ambos desde 1999. \u00c9 vice-presidente do Ciesp estadual, conselheiro do Ciesp Jundia\u00ed e diretor do Sindicato do Vinho de Jundia\u00ed. Tamb\u00e9m \u00e9 delegado da C\u00e2mara de Com\u00e9rcio Brasil\/It\u00e1lia e diretor da Vinegar Institute (EUA).<\/p>\n<p><strong><em>Foto: Fot\u00f3grafos PMJ<\/em><\/strong><\/p>\n","protected":false},"excerpt":{"rendered":"<p>Marcelo Cereser assume somente agora por motivo de viagem marcada desde o ano passado<\/p>\n","protected":false},"author":10,"featured_media":0,"comment_status":"closed","ping_status":"closed","sticky":false,"template":"","format":"standard","meta":{"footnotes":""},"categories":[2],"tags":[],"ods":[],"class_list":["post-50536","post","type-post","status-publish","format-standard","hentry","category-noticias"],"_links":{"self":[{"href":"https:\/\/jundiai.sp.gov.br\/noticias\/wp-json\/wp\/v2\/posts\/50536","targetHints":{"allow":["GET"]}}],"collection":[{"href":"https:\/\/jundiai.sp.gov.br\/noticias\/wp-json\/wp\/v2\/posts"}],"about":[{"href":"https:\/\/jundiai.sp.gov.br\/noticias\/wp-json\/wp\/v2\/types\/post"}],"author":[{"embeddable":true,"href":"https:\/\/jundiai.sp.gov.br\/noticias\/wp-json\/wp\/v2\/users\/10"}],"replies":[{"embeddable":true,"href":"https:\/\/jundiai.sp.gov.br\/noticias\/wp-json\/wp\/v2\/comments?post=50536"}],"version-history":[{"count":2,"href":"https:\/\/jundiai.sp.gov.br\/noticias\/wp-json\/wp\/v2\/posts\/50536\/revisions"}],"predecessor-version":[{"id":138154,"href":"https:\/\/jundiai.sp.gov.br\/noticias\/wp-json\/wp\/v2\/posts\/50536\/revisions\/138154"}],"wp:attachment":[{"href":"https:\/\/jundiai.sp.gov.br\/noticias\/wp-json\/wp\/v2\/media?parent=50536"}],"wp:term":[{"taxonomy":"category","embeddable":true,"href":"https:\/\/jundiai.sp.gov.br\/noticias\/wp-json\/wp\/v2\/categories?post=50536"},{"taxonomy":"post_tag","embeddable":true,"href":"https:\/\/jundiai.sp.gov.br\/noticias\/wp-json\/wp\/v2\/tags?post=50536"},{"taxonomy":"ods","embeddable":true,"href":"https:\/\/jundiai.sp.gov.br\/noticias\/wp-json\/wp\/v2\/ods?post=50536"}],"curies":[{"name":"wp","href":"https:\/\/api.w.org\/{rel}","templated":true}]}}