{"id":50571,"date":"2013-01-21T21:56:27","date_gmt":"2013-01-21T23:56:27","guid":{"rendered":"https:\/\/jundiai.sp.gov.br\/noticias\/?p=50571"},"modified":"2016-11-30T11:24:28","modified_gmt":"2016-11-30T13:24:28","slug":"moradores-do-condominio-vista-alegre-buscam-solucao","status":"publish","type":"post","link":"https:\/\/jundiai.sp.gov.br\/noticias\/2013\/01\/21\/moradores-do-condominio-vista-alegre-buscam-solucao\/","title":{"rendered":"Moradores do Condom\u00ednio Vista Alegre buscam solu\u00e7\u00e3o"},"content":{"rendered":"<p>A Associa\u00e7\u00e3o dos Moradores do Condom\u00ednio Vista Alegre, localizada na rodovia Geraldo Dias, esteve na tarde desta segunda-feira (21) reunida com o prefeito Pedro Bigardi. O grupo reivindica orienta\u00e7\u00e3o para a regulariza\u00e7\u00e3o dos lotes, formados por pequenas ch\u00e1caras. A comiss\u00e3o foi atendida tamb\u00e9m por S\u00e9rgio Dutra, diretor do departamento t\u00e9cnico da Secretaria de Assuntos Fundi\u00e1rios, e pelo chefe de gabinete, Wagner de Souza.<\/p>\n<p><strong>Leia tamb\u00e9m<br \/>\n<a href=\"https:\/\/jundiai.sp.gov.br\/noticias\/2013\/01\/igualdade-racial-recebe-membros-do-circulo-palmarino\/\" target=\"_blank\">Igualdade Racial recebe membros do C\u00edrculo Palmarino<\/a><\/strong><br \/>\n<a href=\"https:\/\/jundiai.sp.gov.br\/noticias\/2013\/01\/tem-inicio-a-distribuicao-dos-carnes-do-iptu\/\" target=\"_blank\"><strong>Tem in\u00edcio a distribui\u00e7\u00e3o dos carn\u00eas do IPTU<\/strong><\/a><\/p>\n<div id=\"attachment_138143\" style=\"width: 410px\" class=\"wp-caption alignleft\"><a href=\"https:\/\/jundiai.sp.gov.br\/noticias\/wp-content\/uploads\/sites\/32\/2013\/01\/condominio_vita_alegre_d2g1.jpg\"><img loading=\"lazy\" decoding=\"async\" aria-describedby=\"caption-attachment-138143\" src=\"https:\/\/jundiai.sp.gov.br\/noticias\/wp-content\/uploads\/sites\/32\/2013\/01\/condominio_vita_alegre_d2g1.jpg\" alt=\"Moradores estiveram reunidos como prefeito Pedro Bigardi\" width=\"400\" height=\"400\" class=\"size-full wp-image-138143\" \/><\/a><p id=\"caption-attachment-138143\" class=\"wp-caption-text\">Moradores estiveram reunidos como prefeito Pedro Bigardi<\/p><\/div>\n<p>F\u00e1tima Polozzi, presidente da associa\u00e7\u00e3o, explicou que h\u00e1 anos est\u00e3o tentando a regulariza\u00e7\u00e3o dos lotes e sem sucesso. \u201cEstivemos diversas vezes na prefeitura, al\u00e9m de v\u00e1rias idas ao Cart\u00f3rio. Sempre solicitam mais documentos, sem uma solu\u00e7\u00e3o\u201d, comentou.<\/p>\n<p>Os moradores tamb\u00e9m comentaram que a \u00e1rea foi urbanizada e n\u00e3o foram avisados.<\/p>\n<p>\u201cDescobrimos no ano passado sobre a urbaniza\u00e7\u00e3o e que havia cobran\u00e7a de IPTU (Imposto Predial e Territorial Urbano) desde 2011 e que o carn\u00ea foi remetido para uma empresa que nem existe mais. Pagamos o INCRA (Instituto Nacional de Coloniza\u00e7\u00e3o e Reforma Agr\u00e1ria) e com a emiss\u00e3o do IPTU n\u00e3o podemos ter dois tributos. Sem contar que n\u00e3o pagamos nem 2011 e 2012 por desconhecermos\u201d, comentou F\u00e1tima Polozzi.<\/p>\n<p><strong>A\u00e7\u00e3o<\/strong><br \/>\nO prefeito Pedro Bigardi disse aos moradores que a situa\u00e7\u00e3o ser\u00e1 analisada pela equipe de S\u00e9rgio Dutra. \u201cVamos verificar todo o processo e orientar voc\u00eas em como dever\u00e3o proceder daqui para a frente. Tamb\u00e9m iremos conversar com a Secretaria de Finan\u00e7as sobre a cobran\u00e7a do IPTU e, da melhor forma poss\u00edvel, resolver esta situa\u00e7\u00e3o\u201d, disse.<\/p>\n<p><strong><em>Fotos: Fot\u00f3grafos PMJ<\/em><\/strong><\/p>\n","protected":false},"excerpt":{"rendered":"<p>Associa\u00e7\u00e3o dos Moradores esteve reunida com o prefeito na tarde desta segunda-feira (21); saiba mais <\/p>\n","protected":false},"author":10,"featured_media":0,"comment_status":"closed","ping_status":"closed","sticky":false,"template":"","format":"standard","meta":{"footnotes":""},"categories":[2],"tags":[],"ods":[],"class_list":["post-50571","post","type-post","status-publish","format-standard","hentry","category-noticias"],"_links":{"self":[{"href":"https:\/\/jundiai.sp.gov.br\/noticias\/wp-json\/wp\/v2\/posts\/50571","targetHints":{"allow":["GET"]}}],"collection":[{"href":"https:\/\/jundiai.sp.gov.br\/noticias\/wp-json\/wp\/v2\/posts"}],"about":[{"href":"https:\/\/jundiai.sp.gov.br\/noticias\/wp-json\/wp\/v2\/types\/post"}],"author":[{"embeddable":true,"href":"https:\/\/jundiai.sp.gov.br\/noticias\/wp-json\/wp\/v2\/users\/10"}],"replies":[{"embeddable":true,"href":"https:\/\/jundiai.sp.gov.br\/noticias\/wp-json\/wp\/v2\/comments?post=50571"}],"version-history":[{"count":2,"href":"https:\/\/jundiai.sp.gov.br\/noticias\/wp-json\/wp\/v2\/posts\/50571\/revisions"}],"predecessor-version":[{"id":138144,"href":"https:\/\/jundiai.sp.gov.br\/noticias\/wp-json\/wp\/v2\/posts\/50571\/revisions\/138144"}],"wp:attachment":[{"href":"https:\/\/jundiai.sp.gov.br\/noticias\/wp-json\/wp\/v2\/media?parent=50571"}],"wp:term":[{"taxonomy":"category","embeddable":true,"href":"https:\/\/jundiai.sp.gov.br\/noticias\/wp-json\/wp\/v2\/categories?post=50571"},{"taxonomy":"post_tag","embeddable":true,"href":"https:\/\/jundiai.sp.gov.br\/noticias\/wp-json\/wp\/v2\/tags?post=50571"},{"taxonomy":"ods","embeddable":true,"href":"https:\/\/jundiai.sp.gov.br\/noticias\/wp-json\/wp\/v2\/ods?post=50571"}],"curies":[{"name":"wp","href":"https:\/\/api.w.org\/{rel}","templated":true}]}}