{"id":50858,"date":"2013-01-24T17:07:18","date_gmt":"2013-01-24T19:07:18","guid":{"rendered":"https:\/\/jundiai.sp.gov.br\/noticias\/?p=50858"},"modified":"2016-11-30T11:24:34","modified_gmt":"2016-11-30T13:24:34","slug":"projeto-para-trevo-da-avenida-jundiai-vai-sair","status":"publish","type":"post","link":"https:\/\/jundiai.sp.gov.br\/noticias\/2013\/01\/24\/projeto-para-trevo-da-avenida-jundiai-vai-sair\/","title":{"rendered":"Projeto para trevo da avenida Jundia\u00ed vai sair"},"content":{"rendered":"<div id=\"attachment_138071\" style=\"width: 410px\" class=\"wp-caption alignleft\"><a href=\"https:\/\/jundiai.sp.gov.br\/noticias\/wp-content\/uploads\/sites\/32\/2013\/01\/visita_de_Pedro_Bigardi_no_trevo_de_Jundiai_a_12g.jpg\"><img loading=\"lazy\" decoding=\"async\" aria-describedby=\"caption-attachment-138071\" src=\"https:\/\/jundiai.sp.gov.br\/noticias\/wp-content\/uploads\/sites\/32\/2013\/01\/visita_de_Pedro_Bigardi_no_trevo_de_Jundiai_a_12g.jpg\" alt=\"O prefeito analisou com os secret\u00e1rios a projeto do trevo da avenida Jundia\u00ed\" width=\"400\" height=\"400\" class=\"size-full wp-image-138071\" \/><\/a><p id=\"caption-attachment-138071\" class=\"wp-caption-text\">O prefeito analisou com os secret\u00e1rios a projeto do trevo da avenida Jundia\u00ed<\/p><\/div>\n<p>S\u00e3o 6h45. O motorista sai da resid\u00eancia, na regi\u00e3o do Jardim Samambaia, com a inten\u00e7\u00e3o de chegar ao Centro de Jundia\u00ed para um compromisso marcado \u00e0s 7h. Com certeza ter\u00e1 dificuldade para chegar no hor\u00e1rio, pois a transposi\u00e7\u00e3o bairro- Anhangaba\u00fa est\u00e1 congestionada devido ao \u201cgargalo\u201d que se forma sob a rodovia Anhanguera, mesmo com a utiliza\u00e7\u00e3o da \u201cOpera\u00e7\u00e3o Trevo\u201d, implantada pela antiga administra\u00e7\u00e3o.<\/p>\n<p><strong>Leia tamb\u00e9m<br \/>\n<a href=\"https:\/\/jundiai.sp.gov.br\/noticias\/2013\/01\/reuniao-avalia-projeto-de-reurbanizacao-no-sao-camilo\/\" target=\"_blank\">Reuni\u00e3o avalia reurbaniza\u00e7\u00e3o no S\u00e3o Camilo<\/a><\/strong><\/p>\n<p>A situa\u00e7\u00e3o, que j\u00e1 era insustent\u00e1vel, poderia piorar nos pr\u00f3ximos anos com a ocupa\u00e7\u00e3o dos novos condom\u00ednios residenciais daquela regi\u00e3o. Preocupado com esta situa\u00e7\u00e3o, muito debatida na elabora\u00e7\u00e3o do Plano de Governo, o prefeito Pedro Bigardi foi at\u00e9 o local na manh\u00e3 desta quinta-feira (24) para avaliar de perto o que deve ser feito para solucionar este problema.<\/p>\n<p>Acompanhado dos secret\u00e1rios Dinei Pasqualini (Transportes) e Jos\u00e9 Carlos Pires (Casa Civil), o prefeito verificou a proposta de interven\u00e7\u00f5es apresentadas em junho de 2012 pela CCR AutoBan &#8211; concession\u00e1ria que administra o sistema Anhanguera-Bandeirantes. Houve o \u201caceite\u201d da gest\u00e3o passada em setembro de 2012.<\/p>\n<p>Com o aux\u00edlio do mapa do estudo, prefeito e secret\u00e1rios localizaram os pontos que precisam ser alterados e tamb\u00e9m a necessidade urgente do projeto base &#8211; que n\u00e3o foi feito pela administra\u00e7\u00e3o passada. \u201cAgora, o primeiro passo \u00e9 desenvolver o projeto b\u00e1sico. Com ele, teremos o or\u00e7amento para buscarmos recursos junto aos governos Estadual e Federal\u201d, comentou.<\/p>\n<div id=\"attachment_138072\" style=\"width: 410px\" class=\"wp-caption alignright\"><a href=\"https:\/\/jundiai.sp.gov.br\/noticias\/wp-content\/uploads\/sites\/32\/2013\/01\/visita_de_Pedro_Bigardi_no_trevo_de_Jundiai_a_23g1.jpg\"><img loading=\"lazy\" decoding=\"async\" aria-describedby=\"caption-attachment-138072\" src=\"https:\/\/jundiai.sp.gov.br\/noticias\/wp-content\/uploads\/sites\/32\/2013\/01\/visita_de_Pedro_Bigardi_no_trevo_de_Jundiai_a_23g1.jpg\" alt=\"Prefeitura vai contratar o projeto base para viabilizar as obras\" width=\"400\" height=\"400\" class=\"size-full wp-image-138072\" \/><\/a><p id=\"caption-attachment-138072\" class=\"wp-caption-text\">Prefeitura vai contratar o projeto base para viabilizar as obras<\/p><\/div>\n<p><strong>Acessibilidade<\/strong><br \/>\nUm outro detalhe \u00e9 a constru\u00e7\u00e3o do novo shopping do grupo Iguatemi, pr\u00f3ximo ao trevo. Segundo o prefeito Pedro Bigardi, a quest\u00e3o da acessibilidade \u00e9 um fator que preocupa.<\/p>\n<p>Somado aos condom\u00ednios existentes e os que est\u00e3o em constru\u00e7\u00e3o, o tr\u00e1fego ficar\u00e1 ca\u00f3tico nos pr\u00f3ximos anos. \u201cEstive reunido com o representante do novo shopping para estudar a acessibilidade ao centro de compras, especialmente no que diz respeito ao fluxo dos ve\u00edculos da \u00e1rea\u201d, disse o prefeito.<\/p>\n<p><strong>Al\u00e7as<\/strong><br \/>\nA discuss\u00e3o avaliou as proje\u00e7\u00f5es das al\u00e7as do acesso da Nove de Julho para a Anhanguera, o viaduto da avenida Osmundo dos Santos Pelegrini, que ligar\u00e1 ao acesso do c\u00f3rrego da Walk\u00edria, al\u00e9m de uma outra liga\u00e7\u00e3o paralela ao existente entre a avenida Prefeito Luiz Latorre e bairro do Retiro. \u201cO objetivo \u00e9 elaborar rapidamente o projeto b\u00e1sico e dar in\u00edcio \u00e0 capta\u00e7\u00e3o de recursos para viabilizar o mais r\u00e1pido poss\u00edvel o novo Trevo da avenida Jundia\u00ed\u201d, finalizou o prefeito Pedro Bigardi.<\/p>\n<p><strong><em>Fotos: Fot\u00f3grafos PMJ<\/em><\/strong><\/p>\n","protected":false},"excerpt":{"rendered":"<p>Prefeito estudou a proposta de interven\u00e7\u00f5es da CCR AutoBan, que vai nortear o projeto b\u00e1sico<\/p>\n","protected":false},"author":10,"featured_media":0,"comment_status":"closed","ping_status":"closed","sticky":false,"template":"","format":"standard","meta":{"footnotes":""},"categories":[2],"tags":[876],"ods":[],"class_list":["post-50858","post","type-post","status-publish","format-standard","hentry","category-noticias","tag-complexo-jundiai"],"_links":{"self":[{"href":"https:\/\/jundiai.sp.gov.br\/noticias\/wp-json\/wp\/v2\/posts\/50858","targetHints":{"allow":["GET"]}}],"collection":[{"href":"https:\/\/jundiai.sp.gov.br\/noticias\/wp-json\/wp\/v2\/posts"}],"about":[{"href":"https:\/\/jundiai.sp.gov.br\/noticias\/wp-json\/wp\/v2\/types\/post"}],"author":[{"embeddable":true,"href":"https:\/\/jundiai.sp.gov.br\/noticias\/wp-json\/wp\/v2\/users\/10"}],"replies":[{"embeddable":true,"href":"https:\/\/jundiai.sp.gov.br\/noticias\/wp-json\/wp\/v2\/comments?post=50858"}],"version-history":[{"count":3,"href":"https:\/\/jundiai.sp.gov.br\/noticias\/wp-json\/wp\/v2\/posts\/50858\/revisions"}],"predecessor-version":[{"id":176627,"href":"https:\/\/jundiai.sp.gov.br\/noticias\/wp-json\/wp\/v2\/posts\/50858\/revisions\/176627"}],"wp:attachment":[{"href":"https:\/\/jundiai.sp.gov.br\/noticias\/wp-json\/wp\/v2\/media?parent=50858"}],"wp:term":[{"taxonomy":"category","embeddable":true,"href":"https:\/\/jundiai.sp.gov.br\/noticias\/wp-json\/wp\/v2\/categories?post=50858"},{"taxonomy":"post_tag","embeddable":true,"href":"https:\/\/jundiai.sp.gov.br\/noticias\/wp-json\/wp\/v2\/tags?post=50858"},{"taxonomy":"ods","embeddable":true,"href":"https:\/\/jundiai.sp.gov.br\/noticias\/wp-json\/wp\/v2\/ods?post=50858"}],"curies":[{"name":"wp","href":"https:\/\/api.w.org\/{rel}","templated":true}]}}