{"id":50983,"date":"2013-01-25T16:00:15","date_gmt":"2013-01-25T18:00:15","guid":{"rendered":"https:\/\/jundiai.sp.gov.br\/noticias\/?p=50983"},"modified":"2016-11-30T11:24:37","modified_gmt":"2016-11-30T13:24:37","slug":"recursos-humanos-promove-concurso-de-culinaria-para-servidoras","status":"publish","type":"post","link":"https:\/\/jundiai.sp.gov.br\/noticias\/2013\/01\/25\/recursos-humanos-promove-concurso-de-culinaria-para-servidoras\/","title":{"rendered":"RH promove concurso de culin\u00e1ria para servidoras"},"content":{"rendered":"<div id=\"attachment_138024\" style=\"width: 360px\" class=\"wp-caption alignleft\"><a href=\"https:\/\/jundiai.sp.gov.br\/noticias\/wp-content\/uploads\/sites\/32\/2013\/01\/CartazCulinariaMulheresdeValorg1.jpg\"><img loading=\"lazy\" decoding=\"async\" aria-describedby=\"caption-attachment-138024\" src=\"https:\/\/jundiai.sp.gov.br\/noticias\/wp-content\/uploads\/sites\/32\/2013\/01\/CartazCulinariaMulheresdeValorg1.jpg\" alt=\"Concurso tem o objetivo de valorizar a servidora municipal\" width=\"350\" height=\"450\" class=\"size-full wp-image-138024\" \/><\/a><p id=\"caption-attachment-138024\" class=\"wp-caption-text\">Concurso tem o objetivo de valorizar a servidora municipal<\/p><\/div>\n<p>Em comemora\u00e7\u00e3o ao Dia Internacional da Mulher, em 8 de mar\u00e7o, a Secretaria de Recursos Humanos promove o concurso cultural \u201cServidora, mulher, culinarista\u201d. A a\u00e7\u00e3o tem como objetivo homenagear as servidoras municipais, que poder\u00e3o, com toda criatividade, divulgar seu talento culin\u00e1rio, unindo o sabor das receitas \u00e0s hist\u00f3rias que elas trazem.<\/p>\n<p>Podem participar servidoras da Prefeitura, Autarquias, Funda\u00e7\u00f5es Municipais e da C\u00e2mara Municipal. <a href=\"https:\/\/jundiai.sp.gov.br\/noticias\/recursos-humanos\/eventos\/\" target=\"_blank\"><strong>O regulamento e a ficha de inscri\u00e7\u00e3o est\u00e3o dispon\u00edveis AQUI<\/strong><\/a>. No ato da inscri\u00e7\u00e3o, dever\u00e3o ser entregues a ficha preenchida e a receita com os ingredientes e modo de preparo.<\/p>\n<p>Nos dias 26 e 27 de fevereiro, as inscritas ir\u00e3o apresentar a receita pronta para degusta\u00e7\u00e3o da comiss\u00e3o julgadora, na sede do Fundo Social de Solidariedade, com demonstra\u00e7\u00e3o dos ingredientes utilizados e modo de preparo.<\/p>\n<p>As receitas ser\u00e3o julgadas por uma comiss\u00e3o de especialistas e a premia\u00e7\u00e3o das tr\u00eas melhores ir\u00e1 acontecer no dia 8 de mar\u00e7o. O primeiro lugar levar\u00e1 um forno de microondas, o segundo ser\u00e1 uma batedeira e o terceiro, uma panela el\u00e9trica. Todas as inscritas ir\u00e3o receber certificado de participa\u00e7\u00e3o e uma publica\u00e7\u00e3o com todas as receitas. Informa\u00e7\u00f5es no (11) 4589-8750 e 4589-8734.<\/p>\n","protected":false},"excerpt":{"rendered":"<p>Veja o regulamento, baixe a ficha de inscri\u00e7\u00e3o e participe; ganhadora leva microondas para casa <\/p>\n","protected":false},"author":10,"featured_media":0,"comment_status":"closed","ping_status":"closed","sticky":false,"template":"","format":"standard","meta":{"footnotes":""},"categories":[2],"tags":[],"ods":[],"class_list":["post-50983","post","type-post","status-publish","format-standard","hentry","category-noticias"],"_links":{"self":[{"href":"https:\/\/jundiai.sp.gov.br\/noticias\/wp-json\/wp\/v2\/posts\/50983","targetHints":{"allow":["GET"]}}],"collection":[{"href":"https:\/\/jundiai.sp.gov.br\/noticias\/wp-json\/wp\/v2\/posts"}],"about":[{"href":"https:\/\/jundiai.sp.gov.br\/noticias\/wp-json\/wp\/v2\/types\/post"}],"author":[{"embeddable":true,"href":"https:\/\/jundiai.sp.gov.br\/noticias\/wp-json\/wp\/v2\/users\/10"}],"replies":[{"embeddable":true,"href":"https:\/\/jundiai.sp.gov.br\/noticias\/wp-json\/wp\/v2\/comments?post=50983"}],"version-history":[{"count":2,"href":"https:\/\/jundiai.sp.gov.br\/noticias\/wp-json\/wp\/v2\/posts\/50983\/revisions"}],"predecessor-version":[{"id":138021,"href":"https:\/\/jundiai.sp.gov.br\/noticias\/wp-json\/wp\/v2\/posts\/50983\/revisions\/138021"}],"wp:attachment":[{"href":"https:\/\/jundiai.sp.gov.br\/noticias\/wp-json\/wp\/v2\/media?parent=50983"}],"wp:term":[{"taxonomy":"category","embeddable":true,"href":"https:\/\/jundiai.sp.gov.br\/noticias\/wp-json\/wp\/v2\/categories?post=50983"},{"taxonomy":"post_tag","embeddable":true,"href":"https:\/\/jundiai.sp.gov.br\/noticias\/wp-json\/wp\/v2\/tags?post=50983"},{"taxonomy":"ods","embeddable":true,"href":"https:\/\/jundiai.sp.gov.br\/noticias\/wp-json\/wp\/v2\/ods?post=50983"}],"curies":[{"name":"wp","href":"https:\/\/api.w.org\/{rel}","templated":true}]}}