{"id":51026,"date":"2013-01-25T17:51:28","date_gmt":"2013-01-25T19:51:28","guid":{"rendered":"https:\/\/jundiai.sp.gov.br\/noticias\/?p=51026"},"modified":"2016-11-30T11:24:38","modified_gmt":"2016-11-30T13:24:38","slug":"preparando-o-futuro-tem-financiamento-do-fmdca","status":"publish","type":"post","link":"https:\/\/jundiai.sp.gov.br\/noticias\/2013\/01\/25\/preparando-o-futuro-tem-financiamento-do-fmdca\/","title":{"rendered":"\u2018Preparando o Futuro\u2019 tem financiamento do FMDCA"},"content":{"rendered":"<p>A edi\u00e7\u00e3o de 2013 do projeto \u2018Preparando o Futuro&#8217;, da ABCJ (Associa\u00e7\u00e3o Beneficente e Cultural de Jundia\u00ed), e financiado pelo FMDCA (Fundo Municipal dos Direitos da Crian\u00e7a), ser\u00e1 lan\u00e7ado neste s\u00e1bado (26), no Senai.<\/p>\n<p>Esta \u00e9 a primeira vez que a proposta, que j\u00e1 tem como parceiros a Escola Senai e a Associa\u00e7\u00e3o de Educa\u00e7\u00e3o do Homem de Amanh\u00e3 (Guardinha), tem apoio do FMDCA. A verba foi conquistada via ren\u00fancia fiscal por empresas do munic\u00edpio e da regi\u00e3o de Jundia\u00ed.<\/p>\n<p><strong>Leia tamb\u00e9m<br \/>\n<a href=\"https:\/\/jundiai.sp.gov.br\/noticias\/2013\/01\/rinem-quer-participacao-de-mais-empresas\/\" target=\"_blank\">Rinem quer participa\u00e7\u00e3o de mais empresas<\/a><\/strong><\/p>\n<p>O projeto, iniciado em 2005, tem como foco atender adolescentes carentes, de 16 a 18 anos, financiando cursos, promovendo encontros, palestras e visitas a empresas. \u201cO objetivo \u00e9 aumentar a possibilidade de inser\u00e7\u00e3o destes jovens no mercado de trabalho\u201d, explica o presidente da ABCJ Jairo Arlindo Mattos.<\/p>\n<p>Neste ano, 16 aprendizes da Guardinha ganharam com um curso de auxiliar de log\u00edstica, que ser\u00e1 realizado no Senai todo s\u00e1bado. Ser\u00e3o 160 horas de aulas. \u201cAl\u00e9m disso, a ABCJ realiza, no per\u00edodo de curso, palestras motivacionais e sobre projeto de vida\u201d, diz Jairo, ressaltando que as aulas come\u00e7am no dia 2 de fevereiro e seguem at\u00e9 novembro.<\/p>\n<p>De acordo com ele, os adolescentes indicados ao curso foram selecionados pela Guardinha. As fam\u00edlias desses futuros alunos s\u00e3o orientadas para que possam estimular e apoiar os jovens no per\u00edodo de aulas. Os adolescentes ter\u00e3o direito a vale transporte e refei\u00e7\u00e3o. \u201cEles n\u00e3o ter\u00e3o custo nenhum.&#8221;<\/p>\n<p>O aluno destaque ganhar\u00e1 um curso superior, nas \u00e1reas de administra\u00e7\u00e3o, engenharia ou marketing.<\/p>\n<p><strong>Projeto <\/strong><br \/>\nEm 8 anos de atividade volunt\u00e1ria da ABCJ, j\u00e1 foram beneficiados 128 jovens. A maioria j\u00e1 atua no mercado de trabalho. \u201c\u00c9 motivador ver o crescimento dessas pessoas. A proposta transforma a vida dos adolescentes\u201d, frisa Jairo.<\/p>\n<p>A ABCJ \u00e9 uma entidade civil legalmente constitu\u00edda e sem finalidade lucrativa, de car\u00e1ter filantr\u00f3pico, beneficente e cultural. Possui registro no Conselho Municipal dos Direitos da Crian\u00e7a e do Adolescente e considerada de Utilidade P\u00fablica Municipal em 2009, pela Lei no. 7264 de 08\/04\/2009. O Senai fica na rua Engenheiro Roberto Mange, 95, Anhangaba\u00fa.<\/p>\n","protected":false},"excerpt":{"rendered":"<p>Verba foi conquistada gra\u00e7as \u00e0 ren\u00fancia fiscal por empresas do munic\u00edpio e da regi\u00e3o de Jundia\u00ed<\/p>\n","protected":false},"author":10,"featured_media":0,"comment_status":"closed","ping_status":"closed","sticky":false,"template":"","format":"standard","meta":{"footnotes":""},"categories":[2],"tags":[],"ods":[],"class_list":["post-51026","post","type-post","status-publish","format-standard","hentry","category-noticias"],"_links":{"self":[{"href":"https:\/\/jundiai.sp.gov.br\/noticias\/wp-json\/wp\/v2\/posts\/51026","targetHints":{"allow":["GET"]}}],"collection":[{"href":"https:\/\/jundiai.sp.gov.br\/noticias\/wp-json\/wp\/v2\/posts"}],"about":[{"href":"https:\/\/jundiai.sp.gov.br\/noticias\/wp-json\/wp\/v2\/types\/post"}],"author":[{"embeddable":true,"href":"https:\/\/jundiai.sp.gov.br\/noticias\/wp-json\/wp\/v2\/users\/10"}],"replies":[{"embeddable":true,"href":"https:\/\/jundiai.sp.gov.br\/noticias\/wp-json\/wp\/v2\/comments?post=51026"}],"version-history":[{"count":1,"href":"https:\/\/jundiai.sp.gov.br\/noticias\/wp-json\/wp\/v2\/posts\/51026\/revisions"}],"predecessor-version":[{"id":181379,"href":"https:\/\/jundiai.sp.gov.br\/noticias\/wp-json\/wp\/v2\/posts\/51026\/revisions\/181379"}],"wp:attachment":[{"href":"https:\/\/jundiai.sp.gov.br\/noticias\/wp-json\/wp\/v2\/media?parent=51026"}],"wp:term":[{"taxonomy":"category","embeddable":true,"href":"https:\/\/jundiai.sp.gov.br\/noticias\/wp-json\/wp\/v2\/categories?post=51026"},{"taxonomy":"post_tag","embeddable":true,"href":"https:\/\/jundiai.sp.gov.br\/noticias\/wp-json\/wp\/v2\/tags?post=51026"},{"taxonomy":"ods","embeddable":true,"href":"https:\/\/jundiai.sp.gov.br\/noticias\/wp-json\/wp\/v2\/ods?post=51026"}],"curies":[{"name":"wp","href":"https:\/\/api.w.org\/{rel}","templated":true}]}}