{"id":51047,"date":"2013-01-25T18:35:29","date_gmt":"2013-01-25T20:35:29","guid":{"rendered":"https:\/\/jundiai.sp.gov.br\/noticias\/?p=51047"},"modified":"2016-11-30T11:24:39","modified_gmt":"2016-11-30T13:24:39","slug":"palestra-da-vigilancia-sanitaria-aborda-alimentos","status":"publish","type":"post","link":"https:\/\/jundiai.sp.gov.br\/noticias\/2013\/01\/25\/palestra-da-vigilancia-sanitaria-aborda-alimentos\/","title":{"rendered":"Palestra da Vigil\u00e2ncia Sanit\u00e1ria aborda alimentos"},"content":{"rendered":"<p>Na \u00faltima quinta-feira (24), um grupo de 70 volunt\u00e1rios que vai participar da Feira das Na\u00e7\u00f5es durante a 23\u00aa Confer\u00eancia Mission\u00e1ria &#8211; de 9 a 12 de fevereiro, no Parque da Uva &#8211; esteve no templo central da Igreja Assembleia de Deus, no Vianelo, para participar de uma palestra sobre boas pr\u00e1ticas para a manipula\u00e7\u00e3o de alimentos. A pra\u00e7a de alimenta\u00e7\u00e3o do evento vai contar com a participa\u00e7\u00e3o de 19 barracas com op\u00e7\u00f5es de pratos t\u00edpicos de pa\u00edses como Espanha, Jap\u00e3o, It\u00e1lia, al\u00e9m de op\u00e7\u00f5es culin\u00e1ria baiana, paulista, mineira e ga\u00facha.<\/p>\n<p><div id=\"attachment_137993\" style=\"width: 410px\" class=\"wp-caption alignleft\"><a href=\"https:\/\/jundiai.sp.gov.br\/noticias\/wp-content\/uploads\/sites\/32\/2013\/01\/palestra_alimentos_2g1.jpg\"><img loading=\"lazy\" decoding=\"async\" aria-describedby=\"caption-attachment-137993\" src=\"https:\/\/jundiai.sp.gov.br\/noticias\/wp-content\/uploads\/sites\/32\/2013\/01\/palestra_alimentos_2g1.jpg\" alt=\"Palestra foi realizada pela Vigil\u00e2ncia Sanit\u00e1ria do munic\u00edpio\" width=\"400\" height=\"400\" class=\"size-full wp-image-137993\" \/><\/a><p id=\"caption-attachment-137993\" class=\"wp-caption-text\">Palestra foi realizada pela Vigil\u00e2ncia Sanit\u00e1ria do munic\u00edpio<\/p><\/div><br \/>\nEm fun\u00e7\u00e3o do grande n\u00famero de pessoas que participa do evento e a quantidade de g\u00eaneros aliment\u00edcios oferecidos, os volunt\u00e1rios receberam orienta\u00e7\u00f5es espec\u00edficas da gerente da Vigil\u00e2ncia Sanit\u00e1ria em Alimentos, Leila Serpa, que esteve acompanhada de Valdir Ferreira da Silva, tamb\u00e9m colaborador da Vigil\u00e2ncia em Sa\u00fade (Visa). <\/p>\n<p>Ela abordou os principais cuidados para assegurar que todos os produtos consumidos durante os quatro dias da festa estejam isentos de contamina\u00e7\u00e3o.<\/p>\n<p>Leila frisou, ainda, que a presen\u00e7a de volunt\u00e1rios na pra\u00e7a de alimenta\u00e7\u00e3o \u00e9 um fator positivo pois, via de regra, &#8220;s\u00e3o pessoas que se dedicam para cumprir as normas&#8221;. Entre as orienta\u00e7\u00f5es, a gerente tratou sobre a temperatura ideal de congelamento para cada tipo de alimento, a higiene das m\u00e3os que devem estar sempre de unhas cortadas, sem an\u00e9is, sem esmalte ou at\u00e9 mesmo base, uso de luvas para servir, descarte e acondicionamento de res\u00edduos, entre outras informa\u00e7\u00f5es.<\/p>\n<p><strong>Parceria <\/strong><br \/>\nO pastor L\u00facio Ricardo de Souza, um dos respons\u00e1veis pela Feira das Na\u00e7\u00f5es, ressaltou a import\u00e2ncia dos volunt\u00e1rios participarem deste tipo de palestra para garantir a realiza\u00e7\u00e3o de uma festa sem transtornos. Ele tamb\u00e9m agradeceu ao apoio log\u00edstico do diretor da Visa, Jos\u00e9 Luiz Francischinelli, que mesmo n\u00e3o podendo comparecer \u00e0 palestra estendeu os votos de \u00eaxito na realiza\u00e7\u00e3o da festa. &#8220;Desde que come\u00e7amos a realizar o evento no Parque da Uva em 2005, nunca tivemos problemas e vamos nos dedicar para que seja sempre assim&#8221;, ressaltou.<\/p>\n<p>Para o pastor Eliseu Santos, diretor da Al\u00e9m-Mar, ag\u00eancia mission\u00e1ria da igreja respons\u00e1vel pela realiza\u00e7\u00e3o do evento, &#8220;\u00e9 muito importante recebermos essas orienta\u00e7\u00f5es para que trabalhemos da melhor maneira poss\u00edvel&#8221;, ponderou. Ele agradeceu, ainda, \u00e0 parceria com a Prefeitura em mais este setor do evento e destacou a import\u00e2ncia de que essa comunica\u00e7\u00e3o seja preservada.<\/p>\n<p>Os volunt\u00e1rios que tiverem interesse em receber mais orienta\u00e7\u00f5es podem se dirigir \u00e0 rua Bar\u00e3o de Jundia\u00ed, 267, de segunda a sexta, das 8 \u00e0s 12 horas e das 14 \u00e0s 17 horas. O telefone de contato \u00e9 4527-3840.<\/p>\n<p><strong><em>Fotos: Divulga\u00e7\u00e3o<\/em><\/strong><\/p>\n","protected":false},"excerpt":{"rendered":"<p>Encontro abordou boas pr\u00e1ticas para a manipula\u00e7\u00e3o de alimentos na pra\u00e7a de alimenta\u00e7\u00e3o da Feira das Na\u00e7\u00f5es<\/p>\n","protected":false},"author":10,"featured_media":0,"comment_status":"closed","ping_status":"closed","sticky":false,"template":"","format":"standard","meta":{"footnotes":""},"categories":[2],"tags":[],"ods":[],"class_list":["post-51047","post","type-post","status-publish","format-standard","hentry","category-noticias"],"_links":{"self":[{"href":"https:\/\/jundiai.sp.gov.br\/noticias\/wp-json\/wp\/v2\/posts\/51047","targetHints":{"allow":["GET"]}}],"collection":[{"href":"https:\/\/jundiai.sp.gov.br\/noticias\/wp-json\/wp\/v2\/posts"}],"about":[{"href":"https:\/\/jundiai.sp.gov.br\/noticias\/wp-json\/wp\/v2\/types\/post"}],"author":[{"embeddable":true,"href":"https:\/\/jundiai.sp.gov.br\/noticias\/wp-json\/wp\/v2\/users\/10"}],"replies":[{"embeddable":true,"href":"https:\/\/jundiai.sp.gov.br\/noticias\/wp-json\/wp\/v2\/comments?post=51047"}],"version-history":[{"count":2,"href":"https:\/\/jundiai.sp.gov.br\/noticias\/wp-json\/wp\/v2\/posts\/51047\/revisions"}],"predecessor-version":[{"id":137994,"href":"https:\/\/jundiai.sp.gov.br\/noticias\/wp-json\/wp\/v2\/posts\/51047\/revisions\/137994"}],"wp:attachment":[{"href":"https:\/\/jundiai.sp.gov.br\/noticias\/wp-json\/wp\/v2\/media?parent=51047"}],"wp:term":[{"taxonomy":"category","embeddable":true,"href":"https:\/\/jundiai.sp.gov.br\/noticias\/wp-json\/wp\/v2\/categories?post=51047"},{"taxonomy":"post_tag","embeddable":true,"href":"https:\/\/jundiai.sp.gov.br\/noticias\/wp-json\/wp\/v2\/tags?post=51047"},{"taxonomy":"ods","embeddable":true,"href":"https:\/\/jundiai.sp.gov.br\/noticias\/wp-json\/wp\/v2\/ods?post=51047"}],"curies":[{"name":"wp","href":"https:\/\/api.w.org\/{rel}","templated":true}]}}