{"id":51062,"date":"2013-01-25T22:34:47","date_gmt":"2013-01-26T00:34:47","guid":{"rendered":"https:\/\/jundiai.sp.gov.br\/noticias\/?p=51062"},"modified":"2020-11-06T14:52:44","modified_gmt":"2020-11-06T17:52:44","slug":"familias-aprovam-a-nova-festa-da-uva","status":"publish","type":"post","link":"https:\/\/jundiai.sp.gov.br\/noticias\/2013\/01\/25\/familias-aprovam-a-nova-festa-da-uva\/","title":{"rendered":"Fam\u00edlias aprovam a nova Festa da Uva"},"content":{"rendered":"<div id=\"attachment_137990\" style=\"width: 730px\" class=\"wp-caption aligncenter\"><a href=\"https:\/\/jundiai.sp.gov.br\/noticias\/wp-content\/uploads\/sites\/32\/2013\/01\/festa_da_uva_a_131g1.jpg\"><img loading=\"lazy\" decoding=\"async\" aria-describedby=\"caption-attachment-137990\" class=\"size-full wp-image-137990\" src=\"https:\/\/jundiai.sp.gov.br\/noticias\/wp-content\/uploads\/sites\/32\/2013\/01\/festa_da_uva_a_131g1.jpg\" alt=\"O p\u00fablico p\u00f4de degustar os melhores vinhos dos produtores locais\" width=\"720\" height=\"513\" \/><\/a><p id=\"caption-attachment-137990\" class=\"wp-caption-text\">O p\u00fablico p\u00f4de degustar os melhores vinhos dos produtores locais<\/p><\/div>\n<p>Jovens com roupas de couro, idosos, crian\u00e7as&#8230; fam\u00edlias inteiras se divertiram nesta sexta-feira (25), segundo dia da 30\u00aa Festa da Uva de Jundia\u00ed. Voltando \u00e0s origens, o evento traz uma novidade atr\u00e1s da outra. \u201cA festa est\u00e1 nota 10. Amei tudo. Vi coisas que n\u00e3o via h\u00e1 muito tempo, fotos antigas&#8230; A tradi\u00e7\u00e3o dos bairros, as m\u00fasicas, a comida\u201d, exaltou a dona de casa, Maria de Lurdes Roveroto, que foi conferir as atra\u00e7\u00f5es junto com o marido, Wilson, e se emocionou com a organiza\u00e7\u00e3o.<\/p>\n<p>Al\u00e9m da tranquilidade e da seguran\u00e7a, os visitantes curtiram cada atra\u00e7\u00e3o at\u00e9 o fim. Apresenta\u00e7\u00f5es infantis, teatro de rua, bandas regionais, sem esquecer do show da Orquestra Jundiaiense de Viola Caipira que emocionou o p\u00fablico ao tocar sucessos como \u2018Chalana\u2019 e \u2018Menino da Porteira\u2019.<\/p>\n<div id=\"attachment_137989\" style=\"width: 410px\" class=\"wp-caption alignleft\"><a href=\"https:\/\/jundiai.sp.gov.br\/noticias\/wp-content\/uploads\/sites\/32\/2013\/01\/festa_da_uva_a_118g11.jpg\"><img loading=\"lazy\" decoding=\"async\" aria-describedby=\"caption-attachment-137989\" class=\"size-full wp-image-137989\" src=\"https:\/\/jundiai.sp.gov.br\/noticias\/wp-content\/uploads\/sites\/32\/2013\/01\/festa_da_uva_a_118g11.jpg\" alt=\"A Orquestra de Viola Caipira emocionou o p\u00fablico com cl\u00e1ssicos do cancioneiro popular\" width=\"400\" height=\"400\" \/><\/a><p id=\"caption-attachment-137989\" class=\"wp-caption-text\">A Orquestra de Viola Caipira emocionou o p\u00fablico com cl\u00e1ssicos do cancioneiro popular<\/p><\/div>\n<p>Muitas del\u00edcias est\u00e3o \u00e0 espera dos visitantes. Al\u00e9m das frutas, flores e vinhos, tem ainda a culin\u00e1ria do bairro italiano do Travi\u00fa. Sylvia Rizzeto, 84 anos, preparou com sua equipe o estoque de massas, p\u00e3es, doces e molhos para vender durante a festa.<\/p>\n<p>\u201cFiquei muito feliz em poder participar. Aprendi a cozinhar ainda menina e, h\u00e1 cerca de 10 anos, passamos a viver do que mais sabemos fazer. Nossa expectativa de vendas esta \u00f3tima. Al\u00e9m de rever amigos e conhecer outros.\u201d<\/p>\n<p><strong>M\u00fasica para todos<\/strong><br \/>\nLogo que os port\u00f5es do parque se abriram \u00e0s 18h, a banda Guilhotina entrou no palco. Aos poucos, as pessoas foram chegando e n\u00e3o eram apenas adultos. \u201cN\u00e3o poderia perder a oportunidade de trazer meus filhos para ouvir um bom som. Eles adoram. Sei que estamos seguros porque esta festa est\u00e1 muito fam\u00edlia\u201d, disse Alexandre Mendes, que estava com os filhos Ana Carolina, 9 anos, Marina, 4 anos, e Alexandre, 6 anos.<\/p>\n<p>Giorgia Coyado, 36 anos, tamb\u00e9m levou a filha Ana Luiza de apenas 11 meses para assistir aos shows. \u201cO hor\u00e1rio \u00e9 \u00f3timo porque podemos vir com a fam\u00edlia toda. Estamos voltando a frequentar a festa porque valorizamos a cultura local. Temos muita coisa boa aqui, para que chamar bandas de fora e ter que pagar t\u00e3o caro? O que precisamos \u00e9 desta simplicidade.&#8221;<\/p>\n<div id=\"attachment_137988\" style=\"width: 410px\" class=\"wp-caption alignright\"><a href=\"https:\/\/jundiai.sp.gov.br\/noticias\/wp-content\/uploads\/sites\/32\/2013\/01\/festa_da_uva_a_29g.jpg\"><img loading=\"lazy\" decoding=\"async\" aria-describedby=\"caption-attachment-137988\" class=\"size-full wp-image-137988\" src=\"https:\/\/jundiai.sp.gov.br\/noticias\/wp-content\/uploads\/sites\/32\/2013\/01\/festa_da_uva_a_29g.jpg\" alt=\"Giorgia e a pequena Ana Luiza\" width=\"400\" height=\"400\" \/><\/a><p id=\"caption-attachment-137988\" class=\"wp-caption-text\">Giorgia e a pequena Ana Luiza<\/p><\/div>\n<p><strong>Mini-Fazenda<\/strong><br \/>\nNo espa\u00e7o da mini-fazenda, atra\u00e7\u00f5es e informa\u00e7\u00e3o para adultos e crian\u00e7as. A Escola T\u00e9cnica Benedito Storani explica as t\u00e9cnicas de fertiliza\u00e7\u00e3o in vitro, apicultura, cria\u00e7\u00e3o de coelhos, horta sustent\u00e1vel, produ\u00e7\u00e3o sustent\u00e1vel de morangos e hortali\u00e7as.<\/p>\n<p>\u201c\u00c9 a primeira vez que temos oportunidade de mostrar um pouco do trabalho que realizamos. Estamos muito satisfeitos com o sucesso\u201d, diz o diretor da Etec, Eduardo Alvarez.<\/p>\n<p><strong>Cursos <\/strong><br \/>\nNo s\u00e1bado (26) e domingo (27), a Etec oferece, \u00e0s 10h, no Espa\u00e7o Multimeios do Parque da Uva, curso de culin\u00e1ria gratuito usando a biomassa de banana verde. A fruta favorece a sa\u00fade intestinal, prevenindo o aparecimento de doen\u00e7as como, c\u00e2ncer intestinal, colites e outras. Al\u00e9m de ser um ingrediente que auxilia no controle de peso, sem alterar o paladar das receitas.<\/p>\n<p><strong><em>Fotos: Fot\u00f3grafos PMJ<\/em><\/strong><\/p>\n","protected":false},"excerpt":{"rendered":"<p>Muita gente passou pelo Parque da Uva no segundo dia de festa e aprovou as novidades<\/p>\n","protected":false},"author":10,"featured_media":0,"comment_status":"closed","ping_status":"closed","sticky":false,"template":"","format":"standard","meta":{"footnotes":""},"categories":[2],"tags":[],"ods":[],"class_list":["post-51062","post","type-post","status-publish","format-standard","hentry","category-noticias"],"_links":{"self":[{"href":"https:\/\/jundiai.sp.gov.br\/noticias\/wp-json\/wp\/v2\/posts\/51062","targetHints":{"allow":["GET"]}}],"collection":[{"href":"https:\/\/jundiai.sp.gov.br\/noticias\/wp-json\/wp\/v2\/posts"}],"about":[{"href":"https:\/\/jundiai.sp.gov.br\/noticias\/wp-json\/wp\/v2\/types\/post"}],"author":[{"embeddable":true,"href":"https:\/\/jundiai.sp.gov.br\/noticias\/wp-json\/wp\/v2\/users\/10"}],"replies":[{"embeddable":true,"href":"https:\/\/jundiai.sp.gov.br\/noticias\/wp-json\/wp\/v2\/comments?post=51062"}],"version-history":[{"count":2,"href":"https:\/\/jundiai.sp.gov.br\/noticias\/wp-json\/wp\/v2\/posts\/51062\/revisions"}],"predecessor-version":[{"id":258295,"href":"https:\/\/jundiai.sp.gov.br\/noticias\/wp-json\/wp\/v2\/posts\/51062\/revisions\/258295"}],"wp:attachment":[{"href":"https:\/\/jundiai.sp.gov.br\/noticias\/wp-json\/wp\/v2\/media?parent=51062"}],"wp:term":[{"taxonomy":"category","embeddable":true,"href":"https:\/\/jundiai.sp.gov.br\/noticias\/wp-json\/wp\/v2\/categories?post=51062"},{"taxonomy":"post_tag","embeddable":true,"href":"https:\/\/jundiai.sp.gov.br\/noticias\/wp-json\/wp\/v2\/tags?post=51062"},{"taxonomy":"ods","embeddable":true,"href":"https:\/\/jundiai.sp.gov.br\/noticias\/wp-json\/wp\/v2\/ods?post=51062"}],"curies":[{"name":"wp","href":"https:\/\/api.w.org\/{rel}","templated":true}]}}