{"id":51096,"date":"2013-01-27T15:23:46","date_gmt":"2013-01-27T17:23:46","guid":{"rendered":"https:\/\/jundiai.sp.gov.br\/noticias\/?p=51096"},"modified":"2016-11-30T11:24:39","modified_gmt":"2016-11-30T13:24:39","slug":"terceira-faixa-da-anhanguera-e-inaugurada","status":"publish","type":"post","link":"https:\/\/jundiai.sp.gov.br\/noticias\/2013\/01\/27\/terceira-faixa-da-anhanguera-e-inaugurada\/","title":{"rendered":"Terceira faixa da Anhanguera \u00e9 inaugurada"},"content":{"rendered":"<p>O prefeito Pedro Bigardi participou, na tarde de s\u00e1bado (26), da inaugura\u00e7\u00e3o da terceira faixa na Rodovia Anhanguera (SP-330), entre os quil\u00f4metros 62 e 71, que ligam Jundia\u00ed a Louveira. O evento contou com a presen\u00e7a do governador do Estado de S\u00e3o Paulo, Geraldo Alckmin, al\u00e9m de diversos prefeitos e deputados da regi\u00e3o.<\/p>\n<p><strong>Leia tamb\u00e9m<\/strong><br \/>\n<a href=\"https:\/\/jundiai.sp.gov.br\/noticias\/2013\/01\/projeto-para-trevo-da-avenida-jundiai-vai-sair\/\" target=\"_blank\"><strong> Projeto para trevo da avenida Jundia\u00ed vai sair<\/strong><\/a><\/p>\n<div id=\"attachment_137984\" style=\"width: 730px\" class=\"wp-caption aligncenter\"><a href=\"https:\/\/jundiai.sp.gov.br\/noticias\/wp-content\/uploads\/sites\/32\/2013\/01\/terceira_faixa_anhanguera_d1g.jpg\"><img loading=\"lazy\" decoding=\"async\" aria-describedby=\"caption-attachment-137984\" src=\"https:\/\/jundiai.sp.gov.br\/noticias\/wp-content\/uploads\/sites\/32\/2013\/01\/terceira_faixa_anhanguera_d1g.jpg\" alt=\"Terceira faixa deve beneficiar usu\u00e1rios de 35 mil ve\u00edculos\" width=\"720\" height=\"513\" class=\"size-full wp-image-137984\" \/><\/a><p id=\"caption-attachment-137984\" class=\"wp-caption-text\">Terceira faixa deve beneficiar usu\u00e1rios de 35 mil ve\u00edculos<\/p><\/div>\n<p>No total, a nova faixa ter\u00e1 9 quil\u00f4metros e custou R$ 13,1 milh\u00f5es. A segunda parte (sentido Interior) ser\u00e1 conclu\u00edda em abril, de acordo com programa\u00e7\u00e3o da<a href=\"http:\/\/www.artesp.sp.gov.br\/\" target=\"_blank\"><strong> Artesp (Ag\u00eancia Reguladora de Transporte do Estado de S\u00e3o Paulo)<\/strong><\/a>. &#8220;\u00c9 uma obra importante para quem utiliza a rodovia&#8221;, destacou o prefeito jundiaiense.<\/p>\n<p><strong>Obras<\/strong><br \/>\nO governador foi questionado por jornalistas a respeito do trevo da avenida Jundia\u00ed e disse que projetos t\u00e9cnicos ainda est\u00e3o sendo estudados pela Artesp.<\/p>\n<div id=\"attachment_137985\" style=\"width: 410px\" class=\"wp-caption alignleft\"><a href=\"https:\/\/jundiai.sp.gov.br\/noticias\/wp-content\/uploads\/sites\/32\/2013\/01\/terceira_faixa_anhanguera_d109g1.jpg\"><img loading=\"lazy\" decoding=\"async\" aria-describedby=\"caption-attachment-137985\" src=\"https:\/\/jundiai.sp.gov.br\/noticias\/wp-content\/uploads\/sites\/32\/2013\/01\/terceira_faixa_anhanguera_d109g1.jpg\" alt=\"Evento contou com a presen\u00e7a do governador e autoridades\" width=\"400\" height=\"400\" class=\"size-full wp-image-137985\" \/><\/a><p id=\"caption-attachment-137985\" class=\"wp-caption-text\">Evento contou com a presen\u00e7a do governador e autoridades<\/p><\/div>\n<p>Com o objetivo de agilizar a obra, o prefeito de Jundia\u00ed afirmou que o munic\u00edpio far\u00e1 o projeto e or\u00e7amento para apresentar ao Governo do Estado.<\/p>\n<p>\u201cDessa forma, poderemos sentar e discutir tudo com o governador. At\u00e9 o momento, nem o custo da obra chegou a ser discutido. N\u00f3s precisamos de investimentos em mobilidade.\u201d<\/p>\n<p><strong><em>Fotos: Dorival Pinheiro Filho<\/em><\/strong><\/p>\n","protected":false},"excerpt":{"rendered":"<p>Obra vai do quil\u00f4metro 62 at\u00e9 o 71, sentido interior; prefeito Pedro Bigardi esteve na cerim\u00f4nia de entrega<\/p>\n","protected":false},"author":10,"featured_media":0,"comment_status":"closed","ping_status":"closed","sticky":false,"template":"","format":"standard","meta":{"footnotes":""},"categories":[2],"tags":[],"ods":[],"class_list":["post-51096","post","type-post","status-publish","format-standard","hentry","category-noticias"],"_links":{"self":[{"href":"https:\/\/jundiai.sp.gov.br\/noticias\/wp-json\/wp\/v2\/posts\/51096","targetHints":{"allow":["GET"]}}],"collection":[{"href":"https:\/\/jundiai.sp.gov.br\/noticias\/wp-json\/wp\/v2\/posts"}],"about":[{"href":"https:\/\/jundiai.sp.gov.br\/noticias\/wp-json\/wp\/v2\/types\/post"}],"author":[{"embeddable":true,"href":"https:\/\/jundiai.sp.gov.br\/noticias\/wp-json\/wp\/v2\/users\/10"}],"replies":[{"embeddable":true,"href":"https:\/\/jundiai.sp.gov.br\/noticias\/wp-json\/wp\/v2\/comments?post=51096"}],"version-history":[{"count":2,"href":"https:\/\/jundiai.sp.gov.br\/noticias\/wp-json\/wp\/v2\/posts\/51096\/revisions"}],"predecessor-version":[{"id":137986,"href":"https:\/\/jundiai.sp.gov.br\/noticias\/wp-json\/wp\/v2\/posts\/51096\/revisions\/137986"}],"wp:attachment":[{"href":"https:\/\/jundiai.sp.gov.br\/noticias\/wp-json\/wp\/v2\/media?parent=51096"}],"wp:term":[{"taxonomy":"category","embeddable":true,"href":"https:\/\/jundiai.sp.gov.br\/noticias\/wp-json\/wp\/v2\/categories?post=51096"},{"taxonomy":"post_tag","embeddable":true,"href":"https:\/\/jundiai.sp.gov.br\/noticias\/wp-json\/wp\/v2\/tags?post=51096"},{"taxonomy":"ods","embeddable":true,"href":"https:\/\/jundiai.sp.gov.br\/noticias\/wp-json\/wp\/v2\/ods?post=51096"}],"curies":[{"name":"wp","href":"https:\/\/api.w.org\/{rel}","templated":true}]}}