{"id":51118,"date":"2013-01-27T15:55:33","date_gmt":"2013-01-27T17:55:33","guid":{"rendered":"https:\/\/jundiai.sp.gov.br\/noticias\/?p=51118"},"modified":"2020-11-06T14:51:54","modified_gmt":"2020-11-06T17:51:54","slug":"produtores-celebram-boas-vendas-na-festa-da-uva","status":"publish","type":"post","link":"https:\/\/jundiai.sp.gov.br\/noticias\/2013\/01\/27\/produtores-celebram-boas-vendas-na-festa-da-uva\/","title":{"rendered":"Produtores celebram boas vendas na Festa da Uva"},"content":{"rendered":"<p>O pavilh\u00e3o de exposi\u00e7\u00e3o e vendas de frutas da 30\u00aa Festa da Uva de Jundia\u00ed e 1\u00aa Expo Vinhos est\u00e1 em festa: as vendas, de acordo com os produtores, est\u00e3o surpreendendo. O produtor Roberto Losqui, por exemplo, disse que o movimento \u00e9 intenso e n\u00e3o consegue tempo sequer para descansar. \u201cEu n\u00e3o paro. Est\u00e1 corrido o dia inteiro\u201d, disse. Ele, que j\u00e1 \u00e9 conhecido do p\u00fablico da Festa da Uva, destaca que as vendas deste ano, comparadas \u00e0 Festa da Uva em 2010, aumentaram consideravelmente. \u201cAinda n\u00e3o \u00e9 poss\u00edvel mensurar, mas o movimento est\u00e1 muito bom. Quem vive da agricultura, como eu, est\u00e1 satisfeito.\u201d<\/p>\n<div id=\"attachment_137976\" style=\"width: 730px\" class=\"wp-caption aligncenter\"><a href=\"https:\/\/jundiai.sp.gov.br\/noticias\/wp-content\/uploads\/sites\/32\/2013\/01\/movimento_festauva_d60g.jpg\"><img loading=\"lazy\" decoding=\"async\" aria-describedby=\"caption-attachment-137976\" class=\"size-full wp-image-137976\" src=\"https:\/\/jundiai.sp.gov.br\/noticias\/wp-content\/uploads\/sites\/32\/2013\/01\/movimento_festauva_d60g.jpg\" alt=\"Uva Niagara \u00e9 favorita entre os consumidores, de acordo com produtores\" width=\"720\" height=\"513\" \/><\/a><p id=\"caption-attachment-137976\" class=\"wp-caption-text\">Uva Niagara \u00e9 favorita entre os consumidores, de acordo com produtores<\/p><\/div>\n<p>J\u00e1 Paulo Scheledorn, que foi \u00e0 festa representar os produtores do bairro Engordadouro, tamb\u00e9m comemora. \u201cO novo estilo do evento atrai um p\u00fablico diferente, que vem para consumir na pra\u00e7a de alimenta\u00e7\u00e3o e levar frutas para casa. Muitas fam\u00edlias, que haviam deixado de frequentar a festa, est\u00e3o voltando.\u201d<\/p>\n<div id=\"attachment_137977\" style=\"width: 410px\" class=\"wp-caption alignleft\"><a href=\"https:\/\/jundiai.sp.gov.br\/noticias\/wp-content\/uploads\/sites\/32\/2013\/01\/movimento_festauva_d117g1.jpg\"><img loading=\"lazy\" decoding=\"async\" aria-describedby=\"caption-attachment-137977\" class=\"size-full wp-image-137977\" src=\"https:\/\/jundiai.sp.gov.br\/noticias\/wp-content\/uploads\/sites\/32\/2013\/01\/movimento_festauva_d117g1.jpg\" alt=\"Roberto Losqui comemora a valoriza\u00e7\u00e3o do produtor na festa\" width=\"400\" height=\"400\" \/><\/a><p id=\"caption-attachment-137977\" class=\"wp-caption-text\">Roberto Losqui comemora a valoriza\u00e7\u00e3o do produtor na festa<\/p><\/div>\n<p>Segundo o presidente da Associa\u00e7\u00e3o Agr\u00edcola de Jundia\u00ed, Jos\u00e9 Jacob Carbonari, a estimativa \u00e9 de que, ao todo, 300 associados estejam envolvidos no evento como um todo.<\/p>\n<p>\u201cTodos est\u00e3o se sentindo valorizados.\u201d De acordo com ele, entre as frutas mais vendidas na festa est\u00e1 a uva Niagara, que representa 90% da safra neste ano. &#8220;Foram plantados cerca de 8 mil p\u00e9s de uvas na cidade.&#8221;<\/p>\n<p>E o p\u00fablico presente n\u00e3o economiza elogios. \u201c\u00c9 muito bom poder comprar direto dos produtores. A festa est\u00e1 muito bacana\u201d, disse o engenheiro F\u00e1bio Trassi. O tamb\u00e9m engenheiro Gerson Miguel, morador de Jundia\u00ed h\u00e1 apenas uma semana, destacou que gostou do formato da festa. \u201cEu n\u00e3o conhecia o evento e achei muito interessante. Al\u00e9m disso, as frutas s\u00e3o frescas e est\u00e3o com pre\u00e7o bom.\u201d<\/p>\n<p><strong><em>Fotos: Dorival Pinheiro Filho<\/em><\/strong><\/p>\n","protected":false},"excerpt":{"rendered":"<p>Para o presidente da Associa\u00e7\u00e3o Agr\u00edcola de Jundia\u00ed, categoria est\u00e1 se sentindo valorizada <\/p>\n","protected":false},"author":10,"featured_media":0,"comment_status":"closed","ping_status":"closed","sticky":false,"template":"","format":"standard","meta":{"footnotes":""},"categories":[2],"tags":[],"ods":[],"class_list":["post-51118","post","type-post","status-publish","format-standard","hentry","category-noticias"],"_links":{"self":[{"href":"https:\/\/jundiai.sp.gov.br\/noticias\/wp-json\/wp\/v2\/posts\/51118","targetHints":{"allow":["GET"]}}],"collection":[{"href":"https:\/\/jundiai.sp.gov.br\/noticias\/wp-json\/wp\/v2\/posts"}],"about":[{"href":"https:\/\/jundiai.sp.gov.br\/noticias\/wp-json\/wp\/v2\/types\/post"}],"author":[{"embeddable":true,"href":"https:\/\/jundiai.sp.gov.br\/noticias\/wp-json\/wp\/v2\/users\/10"}],"replies":[{"embeddable":true,"href":"https:\/\/jundiai.sp.gov.br\/noticias\/wp-json\/wp\/v2\/comments?post=51118"}],"version-history":[{"count":2,"href":"https:\/\/jundiai.sp.gov.br\/noticias\/wp-json\/wp\/v2\/posts\/51118\/revisions"}],"predecessor-version":[{"id":258294,"href":"https:\/\/jundiai.sp.gov.br\/noticias\/wp-json\/wp\/v2\/posts\/51118\/revisions\/258294"}],"wp:attachment":[{"href":"https:\/\/jundiai.sp.gov.br\/noticias\/wp-json\/wp\/v2\/media?parent=51118"}],"wp:term":[{"taxonomy":"category","embeddable":true,"href":"https:\/\/jundiai.sp.gov.br\/noticias\/wp-json\/wp\/v2\/categories?post=51118"},{"taxonomy":"post_tag","embeddable":true,"href":"https:\/\/jundiai.sp.gov.br\/noticias\/wp-json\/wp\/v2\/tags?post=51118"},{"taxonomy":"ods","embeddable":true,"href":"https:\/\/jundiai.sp.gov.br\/noticias\/wp-json\/wp\/v2\/ods?post=51118"}],"curies":[{"name":"wp","href":"https:\/\/api.w.org\/{rel}","templated":true}]}}