{"id":51158,"date":"2013-01-28T14:49:41","date_gmt":"2013-01-28T16:49:41","guid":{"rendered":"https:\/\/jundiai.sp.gov.br\/noticias\/?p=51158"},"modified":"2016-11-30T11:24:41","modified_gmt":"2016-11-30T13:24:41","slug":"prefeitura-debate-a-reativacao-do-terminal-rodoferroviario","status":"publish","type":"post","link":"https:\/\/jundiai.sp.gov.br\/noticias\/2013\/01\/28\/prefeitura-debate-a-reativacao-do-terminal-rodoferroviario\/","title":{"rendered":"Prefeitura debate a reativa\u00e7\u00e3o do Terminal Rodoferrovi\u00e1rio"},"content":{"rendered":"<p>O futuro do transporte rodoferrovi\u00e1rio de Jundia\u00ed come\u00e7a a retomar o seu trajeto com a reuni\u00e3o que aconteceu na manh\u00e3 desta segunda-feira (28). Nesta primeira rodada de conversa\u00e7\u00f5es, representantes da MRS Log\u00edstica S\/A, respons\u00e1vel pela concess\u00e3o do transporte ferrovi\u00e1rio de cargas no munic\u00edpio, apresentaram aos secret\u00e1rios Daniela da C\u00e2mara (Planejamento) e Jos\u00e9 Roberto Aprilanti J\u00fanior (obras), al\u00e9m do diretor Gilson Pichiolli (Fomento Industrial), o interesse em reativar o Terminal Rodoferrovi\u00e1rio, na regi\u00e3o da antiga Duratex.<\/p>\n<p><strong>Leia tamb\u00e9m<br \/>\n<a href=\"https:\/\/jundiai.sp.gov.br\/noticias\/2013\/01\/terceira-faixa-da-anhanguera-e-inaugurada\/\" target=\"_blank\">Terceira faixa da Anhanguera \u00e9 inaugurada<\/a><\/strong><\/p>\n<div id=\"attachment_137967\" style=\"width: 410px\" class=\"wp-caption alignleft\"><a href=\"https:\/\/jundiai.sp.gov.br\/noticias\/wp-content\/uploads\/sites\/32\/2013\/01\/planejamento_mrs_a4g1.jpg\"><img loading=\"lazy\" decoding=\"async\" aria-describedby=\"caption-attachment-137967\" src=\"https:\/\/jundiai.sp.gov.br\/noticias\/wp-content\/uploads\/sites\/32\/2013\/01\/planejamento_mrs_a4g1.jpg\" alt=\"Na reuni\u00e3o foi retomado o di\u00e1logo entre prefeitura e MRS\" width=\"400\" height=\"400\" class=\"size-full wp-image-137967\" \/><\/a><p id=\"caption-attachment-137967\" class=\"wp-caption-text\">Na reuni\u00e3o foi retomado o di\u00e1logo entre prefeitura e MRS<\/p><\/div>\n<p>Jos\u00e9 Roberto Louren\u00e7o e M\u00e1rio Vilhena, ambos da Diretoria de Relacionamento Institucional da MRS, juntamente com o engenheiro Alan Ysao, expuseram as necessidades de retomar o di\u00e1logo com a prefeitura.<\/p>\n<p>Jundia\u00ed, segundo Louren\u00e7o uma cidade estrat\u00e9gica pela log\u00edstica. \u201cQueremos ter na cidade uma base de apoio para abastecimento, manuten\u00e7\u00e3o de locomotiva e tamb\u00e9m de reparo na via f\u00e9rrea permanente, al\u00e9m de uma \u00e1rea para res\u00edduos. Os projetos inclusive foram protocolados na prefeitura\u201d, comentou.<\/p>\n<p><strong>Impacto<\/strong><br \/>\nA retomada do Terminal Rodoferrovi\u00e1rio envolve tamb\u00e9m a discuss\u00e3o da mobilidade urbana na cidade. O espa\u00e7o ter\u00e1 o armazenamento de containers, al\u00e9m das estruturas administrativas e de manuten\u00e7\u00e3o. \u201cPrecisamos avaliar a mobilidade naquela \u00e1rea. Temos este ponto e do Trevo da avenida Jundia\u00ed como cr\u00edticos e temos que prever os containers que seguir\u00e3o pelo trecho urbano at\u00e9 as rodovias que cruzam a cidade\u201d, comentou Daniela da C\u00e2mara.<\/p>\n<p>A secret\u00e1ria de Planejamento disse tamb\u00e9m que &#8220;esta primeira conversa foi fundamental para conhecermos a situa\u00e7\u00e3o. Vamos analisar o processo e colocar em prioridade para um novo encontro, ap\u00f3s o Carnaval, quando voltaremos a nos reunir e ver o que \u00e9 poss\u00edvel ser concretizado\u201d.<\/p>\n<p><strong><em>Foto: Adriana Zutini<\/em><\/strong><\/p>\n","protected":false},"excerpt":{"rendered":"<p>Ideia \u00e9 montar na cidade uma base com abastecimento, manuten\u00e7\u00e3o de locomotivas e reparos na via f\u00e9rrea<\/p>\n","protected":false},"author":10,"featured_media":0,"comment_status":"closed","ping_status":"closed","sticky":false,"template":"","format":"standard","meta":{"footnotes":""},"categories":[2],"tags":[],"ods":[],"class_list":["post-51158","post","type-post","status-publish","format-standard","hentry","category-noticias"],"_links":{"self":[{"href":"https:\/\/jundiai.sp.gov.br\/noticias\/wp-json\/wp\/v2\/posts\/51158","targetHints":{"allow":["GET"]}}],"collection":[{"href":"https:\/\/jundiai.sp.gov.br\/noticias\/wp-json\/wp\/v2\/posts"}],"about":[{"href":"https:\/\/jundiai.sp.gov.br\/noticias\/wp-json\/wp\/v2\/types\/post"}],"author":[{"embeddable":true,"href":"https:\/\/jundiai.sp.gov.br\/noticias\/wp-json\/wp\/v2\/users\/10"}],"replies":[{"embeddable":true,"href":"https:\/\/jundiai.sp.gov.br\/noticias\/wp-json\/wp\/v2\/comments?post=51158"}],"version-history":[{"count":2,"href":"https:\/\/jundiai.sp.gov.br\/noticias\/wp-json\/wp\/v2\/posts\/51158\/revisions"}],"predecessor-version":[{"id":137968,"href":"https:\/\/jundiai.sp.gov.br\/noticias\/wp-json\/wp\/v2\/posts\/51158\/revisions\/137968"}],"wp:attachment":[{"href":"https:\/\/jundiai.sp.gov.br\/noticias\/wp-json\/wp\/v2\/media?parent=51158"}],"wp:term":[{"taxonomy":"category","embeddable":true,"href":"https:\/\/jundiai.sp.gov.br\/noticias\/wp-json\/wp\/v2\/categories?post=51158"},{"taxonomy":"post_tag","embeddable":true,"href":"https:\/\/jundiai.sp.gov.br\/noticias\/wp-json\/wp\/v2\/tags?post=51158"},{"taxonomy":"ods","embeddable":true,"href":"https:\/\/jundiai.sp.gov.br\/noticias\/wp-json\/wp\/v2\/ods?post=51158"}],"curies":[{"name":"wp","href":"https:\/\/api.w.org\/{rel}","templated":true}]}}