{"id":51248,"date":"2013-01-28T22:23:03","date_gmt":"2013-01-29T00:23:03","guid":{"rendered":"https:\/\/jundiai.sp.gov.br\/noticias\/?p=51248"},"modified":"2016-11-30T11:24:43","modified_gmt":"2016-11-30T13:24:43","slug":"prefeito-pedro-bigardi-se-reune-com-dilma-em-brasilia","status":"publish","type":"post","link":"https:\/\/jundiai.sp.gov.br\/noticias\/2013\/01\/28\/prefeito-pedro-bigardi-se-reune-com-dilma-em-brasilia\/","title":{"rendered":"Prefeito Pedro Bigardi se re\u00fane com Dilma"},"content":{"rendered":"<p>O prefeito de Jundia\u00ed, Pedro Bigardi, participou nesta segunda-feira (28), em Bras\u00edlia (DF), do Encontro Nacional de Novos Prefeitos e Prefeitas &#8211; Munic\u00edpios Fortes, Brasil Sustent\u00e1vel. A reuni\u00e3o, proposta pela presidente Dilma Rousseff, aconteceu no Centro de Conven\u00e7\u00f5es Ulisses Guimar\u00e3es, na capital federal. O objetivo \u00e9 apresentar aos novos gestores municipais os programas do Governo Federal e de que maneira eles t\u00eam reflexo direto nas prefeituras.<\/p>\n<p><strong>Leia tamb\u00e9m<br \/>\n<a href=\"https:\/\/jundiai.sp.gov.br\/noticias\/2013\/01\/terceira-faixa-da-anhanguera-e-inaugurada\/\" target=\"_blank\">Terceira faixa da Anhanguera \u00e9 inaugurada<\/a><\/strong><\/p>\n<div id=\"attachment_137941\" style=\"width: 410px\" class=\"wp-caption alignleft\"><a href=\"https:\/\/jundiai.sp.gov.br\/noticias\/wp-content\/uploads\/sites\/32\/2013\/01\/Brasilia1.jpg\"><img loading=\"lazy\" decoding=\"async\" aria-describedby=\"caption-attachment-137941\" src=\"https:\/\/jundiai.sp.gov.br\/noticias\/wp-content\/uploads\/sites\/32\/2013\/01\/Brasilia1.jpg\" alt=\"Pedro Bigardi com Gerson Sartori participaram do evento em Bras\u00edlia\" width=\"400\" height=\"400\" class=\"size-full wp-image-137941\" \/><\/a><p id=\"caption-attachment-137941\" class=\"wp-caption-text\">Pedro Bigardi com Gerson Sartori participaram do evento em Bras\u00edlia<\/p><\/div>\n<p>Para o prefeito Pedro Bigardi, a exposi\u00e7\u00e3o feita pela presidente sobre os diferentes programas e possibilidades oferecidos pela Uni\u00e3o foi muito importante.<\/p>\n<p>\u201cExiste verba para que os munic\u00edpios adquiram creches, UPAS (Unidades de Pronto-Atendimento), Unidades B\u00e1sicas de Sa\u00fade, equipamentos para hospital&#8230; s\u00e3o muitas as a\u00e7\u00f5es que podem ser feitas\u201d, destacou.<\/p>\n<p>Ainda para o prefeito, Jundia\u00ed vai acelerar a confec\u00e7\u00e3o dos projetos. \u201cOs prazos dados para que os projetos sejam abertos ter\u00e3o in\u00edcio no final de fevereiro e in\u00edcio de mar\u00e7o, exatamente ap\u00f3s a nossa reuni\u00e3o de planejamento estrat\u00e9gico. Desta forma, conseguiremos utilizar ao m\u00e1ximo estes recursos\u201d, completou.<\/p>\n<p><strong>Plen\u00e1ria<\/strong><br \/>\nA abertura do evento foi realizada pela presidente Dilma Rousseff. Antes, os prefeitos participaram do debate Plano Brasil Maior e Desenvolvimento Local, com o ministro Fernando Pimentel, de Desenvolvimento Econ\u00f4mico, Ind\u00fastria e Com\u00e9rcio Exterior, e Luiz Barreto, presidente do Sebrae (Servi\u00e7o Brasileiro de Apoio \u00e0s Micro e Pequenas Empresas).<\/p>\n<p>No Centro de Conven\u00e7\u00f5es, o Governo Federal montou estandes com informa\u00e7\u00f5es sobre os programas federais \u00e0 disposi\u00e7\u00e3o dos munic\u00edpios.<\/p>\n<p><strong>Mais encontros<\/strong><br \/>\nNesta ter\u00e7a-feira (29), o prefeito Pedro Bigardi se encontra com os ministros Alexandre Padilha (Sa\u00fade) e Aloizio Mercadante (Educa\u00e7\u00e3o) para discutir sobre programas destas duas pastas referentes aos munic\u00edpios.<\/p>\n<p>Equipamentos p\u00fablicos como as Upas (Unidades de Pronto-Atendimento) e novas creches estar\u00e3o em pauta nestas reuni\u00f5es ministeriais.<\/p>\n<p><strong><em>Foto: Divulga\u00e7\u00e3o<\/em><\/strong><\/p>\n","protected":false},"excerpt":{"rendered":"<p>Junto do presidente da C\u00e2mara, Gerson Sartori, prefeito viu como viabilizar os recursos da Uni\u00e3o   <\/p>\n","protected":false},"author":10,"featured_media":0,"comment_status":"closed","ping_status":"closed","sticky":false,"template":"","format":"standard","meta":{"footnotes":""},"categories":[2],"tags":[],"ods":[],"class_list":["post-51248","post","type-post","status-publish","format-standard","hentry","category-noticias"],"_links":{"self":[{"href":"https:\/\/jundiai.sp.gov.br\/noticias\/wp-json\/wp\/v2\/posts\/51248","targetHints":{"allow":["GET"]}}],"collection":[{"href":"https:\/\/jundiai.sp.gov.br\/noticias\/wp-json\/wp\/v2\/posts"}],"about":[{"href":"https:\/\/jundiai.sp.gov.br\/noticias\/wp-json\/wp\/v2\/types\/post"}],"author":[{"embeddable":true,"href":"https:\/\/jundiai.sp.gov.br\/noticias\/wp-json\/wp\/v2\/users\/10"}],"replies":[{"embeddable":true,"href":"https:\/\/jundiai.sp.gov.br\/noticias\/wp-json\/wp\/v2\/comments?post=51248"}],"version-history":[{"count":2,"href":"https:\/\/jundiai.sp.gov.br\/noticias\/wp-json\/wp\/v2\/posts\/51248\/revisions"}],"predecessor-version":[{"id":137942,"href":"https:\/\/jundiai.sp.gov.br\/noticias\/wp-json\/wp\/v2\/posts\/51248\/revisions\/137942"}],"wp:attachment":[{"href":"https:\/\/jundiai.sp.gov.br\/noticias\/wp-json\/wp\/v2\/media?parent=51248"}],"wp:term":[{"taxonomy":"category","embeddable":true,"href":"https:\/\/jundiai.sp.gov.br\/noticias\/wp-json\/wp\/v2\/categories?post=51248"},{"taxonomy":"post_tag","embeddable":true,"href":"https:\/\/jundiai.sp.gov.br\/noticias\/wp-json\/wp\/v2\/tags?post=51248"},{"taxonomy":"ods","embeddable":true,"href":"https:\/\/jundiai.sp.gov.br\/noticias\/wp-json\/wp\/v2\/ods?post=51248"}],"curies":[{"name":"wp","href":"https:\/\/api.w.org\/{rel}","templated":true}]}}