{"id":51354,"date":"2013-01-30T09:20:27","date_gmt":"2013-01-30T11:20:27","guid":{"rendered":"https:\/\/jundiai.sp.gov.br\/noticias\/?p=51354"},"modified":"2016-11-04T10:53:35","modified_gmt":"2016-11-04T12:53:35","slug":"lago-do-vale-azul-sera-revitalizado","status":"publish","type":"post","link":"https:\/\/jundiai.sp.gov.br\/noticias\/2013\/01\/30\/lago-do-vale-azul-sera-revitalizado\/","title":{"rendered":"No Caxambu, Lago do Vale Azul ser\u00e1 revitalizado"},"content":{"rendered":"<p>A Secretaria de Planejamento e Meio Ambiente est\u00e1 retomando os projetos de revitaliza\u00e7\u00e3o de parques em Jundia\u00ed. Entre eles, o lago do Vale Azul, no bairro do Caxambu, que possui \u00e1rea de 1,3 mil metros de margem. Nesta semana, a secretaria iniciou o processo de retirada dos mour\u00f5es instalados no final de outubro de 2012. O trabalho est\u00e1 sendo realizado ap\u00f3s pedido da Associa\u00e7\u00e3o de Moradores.<\/p>\n<p><strong>Leia tamb\u00e9m<br \/>\n<a href=\"https:\/\/jundiai.sp.gov.br\/noticias\/2013\/01\/prefeito-pedro-bigardi-se-reune-com-dilma-em-brasilia\/\" target=\"_blank\">Prefeito Pedro Bigardi se re\u00fane com Dilma<\/a><\/strong><\/p>\n<p>Segundo o diretor respons\u00e1vel pela \u00e1rea, Nilson Roberto Hoffmann, todo o material retirado ser\u00e1 guardado at\u00e9 a conclus\u00e3o do projeto da Secretaria de Meio Ambiente. Os postes e telas foram doados por uma empresa e instalados em 2012 pela Secretaria de Obras.<\/p>\n<div id=\"attachment_137329\" style=\"width: 410px\" class=\"wp-caption alignleft\"><a href=\"https:\/\/jundiai.sp.gov.br\/noticias\/wp-content\/uploads\/sites\/32\/2013\/01\/retirada_de_cerca_no_vale_azul_a15g1.jpg\"><img loading=\"lazy\" decoding=\"async\" aria-describedby=\"caption-attachment-137329\" src=\"https:\/\/jundiai.sp.gov.br\/noticias\/wp-content\/uploads\/sites\/32\/2013\/01\/retirada_de_cerca_no_vale_azul_a15g1.jpg\" alt=\"Nilson Hoffmann: \u201cO projeto foi alterado na hora da execu\u00e7\u00e3o, em outubro\u201d\" width=\"400\" height=\"400\" class=\"size-full wp-image-137329\" \/><\/a><p id=\"caption-attachment-137329\" class=\"wp-caption-text\">Nilson Hoffmann: \u201cO projeto foi alterado na hora da execu\u00e7\u00e3o, em outubro\u201d<\/p><\/div>\n<p>\u201cAl\u00e9m dos 430 mour\u00f5es, temos 1.380 m\u00b2 de tela. Os moradores solicitaram, ainda na gest\u00e3o anterior, que o lago fosse cercado por seguran\u00e7a, pois j\u00e1 ocorreram mortes no local. O projeto original da antiga administra\u00e7\u00e3o tinha um desenho que foi alterado quando da execu\u00e7\u00e3o no final de outubro\u201d, disse.<\/p>\n<p>No projeto preliminar, os postes ficariam pr\u00f3ximos \u00e0 margem e os frequentadores teriam o passeio entre a margem e a cal\u00e7ada para praticar a caminhada.<\/p>\n<p>\u201cMas foi alterado de \u00faltima hora e as pessoas ficariam \u2018presas\u2019 dentro do lago. No caso de poss\u00edveis emerg\u00eancias, n\u00e3o teriam como sair do local\u201d, comentou.<\/p>\n<p><strong>Projeto<\/strong><br \/>\nNas pr\u00f3ximas semanas, a Secretaria de Planejamento vai continuar com as visitas t\u00e9cnicas que definir\u00e3o qual o projeto mais adequado para a \u00e1rea com a preocupa\u00e7\u00e3o em oferecer seguran\u00e7a aos frequentadores e paisagismo para valoriza\u00e7\u00e3o das \u00e1reas.<\/p>\n<p><strong><em>Fotos: Adriana Zutini<\/em><\/strong><\/p>\n","protected":false},"excerpt":{"rendered":"<p>O local tem \u00e1rea de 1,3 mil metros de margem e a revitaliza\u00e7\u00e3o foi um pedido dos pr\u00f3prios moradores <\/p>\n","protected":false},"author":10,"featured_media":0,"comment_status":"closed","ping_status":"closed","sticky":false,"template":"","format":"standard","meta":{"footnotes":""},"categories":[2],"tags":[],"ods":[],"class_list":["post-51354","post","type-post","status-publish","format-standard","hentry","category-noticias"],"_links":{"self":[{"href":"https:\/\/jundiai.sp.gov.br\/noticias\/wp-json\/wp\/v2\/posts\/51354","targetHints":{"allow":["GET"]}}],"collection":[{"href":"https:\/\/jundiai.sp.gov.br\/noticias\/wp-json\/wp\/v2\/posts"}],"about":[{"href":"https:\/\/jundiai.sp.gov.br\/noticias\/wp-json\/wp\/v2\/types\/post"}],"author":[{"embeddable":true,"href":"https:\/\/jundiai.sp.gov.br\/noticias\/wp-json\/wp\/v2\/users\/10"}],"replies":[{"embeddable":true,"href":"https:\/\/jundiai.sp.gov.br\/noticias\/wp-json\/wp\/v2\/comments?post=51354"}],"version-history":[{"count":2,"href":"https:\/\/jundiai.sp.gov.br\/noticias\/wp-json\/wp\/v2\/posts\/51354\/revisions"}],"predecessor-version":[{"id":137330,"href":"https:\/\/jundiai.sp.gov.br\/noticias\/wp-json\/wp\/v2\/posts\/51354\/revisions\/137330"}],"wp:attachment":[{"href":"https:\/\/jundiai.sp.gov.br\/noticias\/wp-json\/wp\/v2\/media?parent=51354"}],"wp:term":[{"taxonomy":"category","embeddable":true,"href":"https:\/\/jundiai.sp.gov.br\/noticias\/wp-json\/wp\/v2\/categories?post=51354"},{"taxonomy":"post_tag","embeddable":true,"href":"https:\/\/jundiai.sp.gov.br\/noticias\/wp-json\/wp\/v2\/tags?post=51354"},{"taxonomy":"ods","embeddable":true,"href":"https:\/\/jundiai.sp.gov.br\/noticias\/wp-json\/wp\/v2\/ods?post=51354"}],"curies":[{"name":"wp","href":"https:\/\/api.w.org\/{rel}","templated":true}]}}