{"id":51378,"date":"2013-01-30T09:56:24","date_gmt":"2013-01-30T11:56:24","guid":{"rendered":"https:\/\/jundiai.sp.gov.br\/noticias\/?p=51378"},"modified":"2016-11-04T10:53:35","modified_gmt":"2016-11-04T12:53:35","slug":"loteamentos-irregulares-de-jundiai-em-discussao-na-prefeitura","status":"publish","type":"post","link":"https:\/\/jundiai.sp.gov.br\/noticias\/2013\/01\/30\/loteamentos-irregulares-de-jundiai-em-discussao-na-prefeitura\/","title":{"rendered":"Loteamentos irregulares de Jundia\u00ed em discuss\u00e3o"},"content":{"rendered":"<p>A secret\u00e1ria de Planejamento e Meio Ambiente, Daniela da C\u00e2mara, e o secret\u00e1rio de Finan\u00e7as, Paulo Galv\u00e3o, receberam propriet\u00e1rios de loteamentos irregulares de Jundia\u00ed. Durante o encontro, ocorrido sexta-feira (25), eles informaram \u00e0 popula\u00e7\u00e3o presente que, dentro da regularidade, cada caso deve ser estudado para que uma solu\u00e7\u00e3o possa ser encontrada.<\/p>\n<p><strong>Leia tamb\u00e9m<br \/>\n<a href=\"https:\/\/jundiai.sp.gov.br\/noticias\/2013\/01\/lago-do-vale-azul-sera-revitalizado\/\" target=\"_blank\">No Caxambu, Lago do Vale Azul ser\u00e1 revitalizado<\/a><\/strong><\/p>\n<div id=\"attachment_137323\" style=\"width: 410px\" class=\"wp-caption alignleft\"><a href=\"https:\/\/jundiai.sp.gov.br\/noticias\/wp-content\/uploads\/sites\/32\/2013\/01\/loteamento_inrregular_d1g1.jpg\"><img loading=\"lazy\" decoding=\"async\" aria-describedby=\"caption-attachment-137323\" src=\"https:\/\/jundiai.sp.gov.br\/noticias\/wp-content\/uploads\/sites\/32\/2013\/01\/loteamento_inrregular_d1g1.jpg\" alt=\"Poder p\u00fablico recebeu a popula\u00e7\u00e3o para discutir solu\u00e7\u00f5es\" width=\"400\" height=\"400\" class=\"size-full wp-image-137323\" \/><\/a><p id=\"caption-attachment-137323\" class=\"wp-caption-text\">Poder p\u00fablico recebeu a popula\u00e7\u00e3o para discutir solu\u00e7\u00f5es<\/p><\/div>\n<p>De acordo com Daniela, a Diretoria de Assuntos Fundi\u00e1rios est\u00e1 sendo criada para garantir um aparato t\u00e9cnico e dar resposta a cada cidad\u00e3o sobre os processos de regulariza\u00e7\u00e3o fundi\u00e1ria. \u201cA proposta da diretoria \u00e9 positiva. D\u00e1 rapidez aos tr\u00e2mites.\u201d<\/p>\n<p>Daniela explica que em Jundia\u00ed existem cerca de 300 loteamentos irregulares. A secretaria est\u00e1 visitando os locais para avaliar cada situa\u00e7\u00e3o. \u201cVamos trabalhar para tentar solucionar os problemas.\u201d<\/p>\n<p>Os propriet\u00e1rios de loteamentos elogiaram a iniciativa da prefeitura em promover a reuni\u00e3o. \u201c\u00c9 importante ter esse canal aberto. Queremos resolver nossa situa\u00e7\u00e3o. H\u00e1 processos parados h\u00e1 anos\u201d, comentou o pedreiro Jo\u00e3o da Cruz de Barros, morador do Champirra.<\/p>\n<p>O aposentado Maur\u00edlio Pereira tamb\u00e9m ficou satisfeito. \u201cEspero que agora os tr\u00e2mites fiquem mais r\u00e1pidos.\u201d<\/p>\n<p>Foto: Fot\u00f3grafos PMJ<\/p>\n","protected":false},"excerpt":{"rendered":"<p>Diretoria de Assuntos Fundi\u00e1rios est\u00e1 sendo criada para garantir agilidade e aparato t\u00e9cnico \u00e0 quest\u00e3o <\/p>\n","protected":false},"author":10,"featured_media":0,"comment_status":"closed","ping_status":"closed","sticky":false,"template":"","format":"standard","meta":{"footnotes":""},"categories":[2],"tags":[32],"ods":[],"class_list":["post-51378","post","type-post","status-publish","format-standard","hentry","category-noticias","tag-planejamento-e-meio-ambiente"],"_links":{"self":[{"href":"https:\/\/jundiai.sp.gov.br\/noticias\/wp-json\/wp\/v2\/posts\/51378","targetHints":{"allow":["GET"]}}],"collection":[{"href":"https:\/\/jundiai.sp.gov.br\/noticias\/wp-json\/wp\/v2\/posts"}],"about":[{"href":"https:\/\/jundiai.sp.gov.br\/noticias\/wp-json\/wp\/v2\/types\/post"}],"author":[{"embeddable":true,"href":"https:\/\/jundiai.sp.gov.br\/noticias\/wp-json\/wp\/v2\/users\/10"}],"replies":[{"embeddable":true,"href":"https:\/\/jundiai.sp.gov.br\/noticias\/wp-json\/wp\/v2\/comments?post=51378"}],"version-history":[{"count":2,"href":"https:\/\/jundiai.sp.gov.br\/noticias\/wp-json\/wp\/v2\/posts\/51378\/revisions"}],"predecessor-version":[{"id":137324,"href":"https:\/\/jundiai.sp.gov.br\/noticias\/wp-json\/wp\/v2\/posts\/51378\/revisions\/137324"}],"wp:attachment":[{"href":"https:\/\/jundiai.sp.gov.br\/noticias\/wp-json\/wp\/v2\/media?parent=51378"}],"wp:term":[{"taxonomy":"category","embeddable":true,"href":"https:\/\/jundiai.sp.gov.br\/noticias\/wp-json\/wp\/v2\/categories?post=51378"},{"taxonomy":"post_tag","embeddable":true,"href":"https:\/\/jundiai.sp.gov.br\/noticias\/wp-json\/wp\/v2\/tags?post=51378"},{"taxonomy":"ods","embeddable":true,"href":"https:\/\/jundiai.sp.gov.br\/noticias\/wp-json\/wp\/v2\/ods?post=51378"}],"curies":[{"name":"wp","href":"https:\/\/api.w.org\/{rel}","templated":true}]}}