{"id":51444,"date":"2013-01-31T09:29:32","date_gmt":"2013-01-31T11:29:32","guid":{"rendered":"https:\/\/jundiai.sp.gov.br\/noticias\/?p=51444"},"modified":"2016-11-04T10:53:35","modified_gmt":"2016-11-04T12:53:35","slug":"secretarios-de-saude-e-cultura-participam-de-reuniao-na-regiao-oeste","status":"publish","type":"post","link":"https:\/\/jundiai.sp.gov.br\/noticias\/2013\/01\/31\/secretarios-de-saude-e-cultura-participam-de-reuniao-na-regiao-oeste\/","title":{"rendered":"Secret\u00e1rios de Sa\u00fade e Cultura participam de reuni\u00e3o"},"content":{"rendered":"<p>O secret\u00e1rio de Cultura, T\u00e9rcio Marinho, e o de Sa\u00fade, Claudio Miranda, participaram no \u00faltimo domingo (27) de uma reuni\u00e3o organizada pelo Coletivo Vetor Oeste, grupo de lideran\u00e7as dos bairros Residencial Jundia\u00ed, Novo Horizonte, Almerinda Chaves, Tulipas e Medeiros, criado para buscar melhorias para a regi\u00e3o, reunindo lideran\u00e7as do local.<\/p>\n<p><strong>Leia tamb\u00e9m<br \/>\n<a href=\"https:\/\/jundiai.sp.gov.br\/noticias\/2013\/01\/loteamentos-irregulares-de-jundiai-em-discussao-na-prefeitura\/\" target=\"_blank\">Loteamentos irregulares de Jundia\u00ed em discuss\u00e3o<\/a><\/strong><\/p>\n<p><div id=\"attachment_137305\" style=\"width: 410px\" class=\"wp-caption alignleft\"><a href=\"https:\/\/jundiai.sp.gov.br\/noticias\/wp-content\/uploads\/sites\/32\/2013\/01\/reuniao_vetor_oeste_g1.jpg\"><img loading=\"lazy\" decoding=\"async\" aria-describedby=\"caption-attachment-137305\" src=\"https:\/\/jundiai.sp.gov.br\/noticias\/wp-content\/uploads\/sites\/32\/2013\/01\/reuniao_vetor_oeste_g1.jpg\" alt=\"Secret\u00e1rios apresentaram propostas para os l\u00edderes da regi\u00e3o\" width=\"400\" height=\"400\" class=\"size-full wp-image-137305\" \/><\/a><p id=\"caption-attachment-137305\" class=\"wp-caption-text\">Secret\u00e1rios apresentaram propostas para os l\u00edderes da regi\u00e3o<\/p><\/div><br \/>\nO encontro realizado na sede da Associa\u00e7\u00e3o de Moradores do Novo Horizonte contou com a presen\u00e7a de mais de 60 pessoas e teve o objetivo de ouvir os secret\u00e1rios sobre as prioridades e projetos que ir\u00e3o levar melhorias para aquela \u00e1rea.<\/p>\n<p>Marinho falou sobre as parcerias que ser\u00e3o realizadas, as demandas da comunidade e confirmou o compromisso de levar mais oportunidades aos moradores da regi\u00e3o.<\/p>\n<p>\u201cEles est\u00e3o bem organizados e sabem o que realmente precisam. A secretaria est\u00e1 \u00e0 disposi\u00e7\u00e3o para manter aberto este di\u00e1logo e organizar eventos e atividades para suprir a demanda da regi\u00e3o.\u201d<\/p>\n<p>O secret\u00e1rio de Sa\u00fade afirmou que a UPA (Unidade de Pronto Atendimento) do Novo Horizonte ir\u00e1 funcionar como um mini hospital e ser\u00e1 entregue at\u00e9 o final de ano. \u201cVamos trabalhar para trazer mais unidades de pronto atendimento em toda a regi\u00e3o. Al\u00e9m de informatizar e integrar toda a rede para facilitar o acompanhamento do usu\u00e1rio.\u201d<\/p>\n<p>De acordo com o coordenador do grupo, Edicarlos Vieira, na regi\u00e3o existem espa\u00e7os p\u00fablicos que foram invadidos por estarem sem uso e eles podem ser reativados com atividades culturais e at\u00e9 profissionalizantes.<\/p>\n<p><strong><em>Foto: Divulga\u00e7\u00e3o<\/em><\/strong><\/p>\n","protected":false},"excerpt":{"rendered":"<p>Encontro foi com lideran\u00e7as dos bairros do Vetor Oeste e teve como objetivo estreitar o di\u00e1logo em busca de melhorias<\/p>\n","protected":false},"author":10,"featured_media":0,"comment_status":"closed","ping_status":"closed","sticky":false,"template":"","format":"standard","meta":{"footnotes":""},"categories":[2],"tags":[29,3],"ods":[],"class_list":["post-51444","post","type-post","status-publish","format-standard","hentry","category-noticias","tag-cultura","tag-saude"],"_links":{"self":[{"href":"https:\/\/jundiai.sp.gov.br\/noticias\/wp-json\/wp\/v2\/posts\/51444","targetHints":{"allow":["GET"]}}],"collection":[{"href":"https:\/\/jundiai.sp.gov.br\/noticias\/wp-json\/wp\/v2\/posts"}],"about":[{"href":"https:\/\/jundiai.sp.gov.br\/noticias\/wp-json\/wp\/v2\/types\/post"}],"author":[{"embeddable":true,"href":"https:\/\/jundiai.sp.gov.br\/noticias\/wp-json\/wp\/v2\/users\/10"}],"replies":[{"embeddable":true,"href":"https:\/\/jundiai.sp.gov.br\/noticias\/wp-json\/wp\/v2\/comments?post=51444"}],"version-history":[{"count":2,"href":"https:\/\/jundiai.sp.gov.br\/noticias\/wp-json\/wp\/v2\/posts\/51444\/revisions"}],"predecessor-version":[{"id":137309,"href":"https:\/\/jundiai.sp.gov.br\/noticias\/wp-json\/wp\/v2\/posts\/51444\/revisions\/137309"}],"wp:attachment":[{"href":"https:\/\/jundiai.sp.gov.br\/noticias\/wp-json\/wp\/v2\/media?parent=51444"}],"wp:term":[{"taxonomy":"category","embeddable":true,"href":"https:\/\/jundiai.sp.gov.br\/noticias\/wp-json\/wp\/v2\/categories?post=51444"},{"taxonomy":"post_tag","embeddable":true,"href":"https:\/\/jundiai.sp.gov.br\/noticias\/wp-json\/wp\/v2\/tags?post=51444"},{"taxonomy":"ods","embeddable":true,"href":"https:\/\/jundiai.sp.gov.br\/noticias\/wp-json\/wp\/v2\/ods?post=51444"}],"curies":[{"name":"wp","href":"https:\/\/api.w.org\/{rel}","templated":true}]}}