{"id":51558,"date":"2013-01-31T18:49:32","date_gmt":"2013-01-31T20:49:32","guid":{"rendered":"https:\/\/jundiai.sp.gov.br\/noticias\/?p=51558"},"modified":"2016-11-04T10:53:36","modified_gmt":"2016-11-04T12:53:36","slug":"secretaria-recebe-instituto-vinciniano-italiano","status":"publish","type":"post","link":"https:\/\/jundiai.sp.gov.br\/noticias\/2013\/01\/31\/secretaria-recebe-instituto-vinciniano-italiano\/","title":{"rendered":"Secret\u00e1ria recebe Instituto Vinciniano Italiano"},"content":{"rendered":"<p>A secret\u00e1ria de Planejamento e Meio Ambiente, Daniela da C\u00e2mara, recebeu na manh\u00e3 desta quinta-feira (31) a visita da representante do Instituto Vinciano Italiano, Vera Becker, que solicitou espa\u00e7o para a realiza\u00e7\u00e3o da exposi\u00e7\u00e3o \u2018O Legado de Leonardo\u2019 no munic\u00edpio.<\/p>\n<p><strong>Leia tamb\u00e9m<\/strong><br \/>\n<a href=\"https:\/\/jundiai.sp.gov.br\/noticias\/eventos\/mes\/\" target=\"_blank\">Fique por dentro do que acontece em Jundia\u00ed<\/a><\/p>\n<div id=\"attachment_137170\" style=\"width: 410px\" class=\"wp-caption alignleft\"><a href=\"https:\/\/jundiai.sp.gov.br\/noticias\/wp-content\/uploads\/sites\/32\/2013\/01\/expposicao_planejamento_d1g1.jpg\"><img loading=\"lazy\" decoding=\"async\" aria-describedby=\"caption-attachment-137170\" src=\"https:\/\/jundiai.sp.gov.br\/noticias\/wp-content\/uploads\/sites\/32\/2013\/01\/expposicao_planejamento_d1g1.jpg\" alt=\"Esfor\u00e7o para que exposi\u00e7\u00e3o seja trazida \u00e0 cidade\" width=\"400\" height=\"400\" class=\"size-full wp-image-137170\" \/><\/a><p id=\"caption-attachment-137170\" class=\"wp-caption-text\">Esfor\u00e7o para que exposi\u00e7\u00e3o seja trazida \u00e0 cidade<\/p><\/div>\n<p>A proposta \u00e9 trazer a mostra &#8211; que j\u00e1 passou por Pernambuco, Bahia, Rio Grande do Sul, Minas Gerais, entre outros Estados &#8211; para Jundia\u00ed. A exposi\u00e7\u00e3o tem 21 prot\u00f3tipos, sete deles in\u00e9ditos no mundo. Todos s\u00e3o baseados em estudos e desenhos do artista italiano.<\/p>\n<p>Daniela informou que vai procurar o secret\u00e1rio de Cultura, T\u00e9rcio Marinho, para que a escolha do melhor espa\u00e7o para abrigar a mostra seja feita. A expectativa \u00e9 de que a exposi\u00e7\u00e3o possa ser conferida a partir de 18 de fevereiro, por at\u00e9 25 dias.<\/p>\n<p>Tamb\u00e9m participaram do encontro a presidente do IAB (Instituto dos Arquitetos do Brasil) no Aglomerado Urbano de Jundia\u00ed, Mari\u00e2ngela Mazolla Mendes, e a vice-presidente M\u00f4nica Fonseca.<\/p>\n<p><em><strong>Foto: Dorival Pinheiro Filho<\/strong><\/em><\/p>\n","protected":false},"excerpt":{"rendered":"<p>Representantes da entidade solicitaram espa\u00e7o para a mostra de arte \u2018O Legado de Leonardo\u2019<\/p>\n","protected":false},"author":11,"featured_media":0,"comment_status":"closed","ping_status":"closed","sticky":false,"template":"","format":"standard","meta":{"footnotes":""},"categories":[2],"tags":[32],"ods":[],"class_list":["post-51558","post","type-post","status-publish","format-standard","hentry","category-noticias","tag-planejamento-e-meio-ambiente"],"_links":{"self":[{"href":"https:\/\/jundiai.sp.gov.br\/noticias\/wp-json\/wp\/v2\/posts\/51558","targetHints":{"allow":["GET"]}}],"collection":[{"href":"https:\/\/jundiai.sp.gov.br\/noticias\/wp-json\/wp\/v2\/posts"}],"about":[{"href":"https:\/\/jundiai.sp.gov.br\/noticias\/wp-json\/wp\/v2\/types\/post"}],"author":[{"embeddable":true,"href":"https:\/\/jundiai.sp.gov.br\/noticias\/wp-json\/wp\/v2\/users\/11"}],"replies":[{"embeddable":true,"href":"https:\/\/jundiai.sp.gov.br\/noticias\/wp-json\/wp\/v2\/comments?post=51558"}],"version-history":[{"count":2,"href":"https:\/\/jundiai.sp.gov.br\/noticias\/wp-json\/wp\/v2\/posts\/51558\/revisions"}],"predecessor-version":[{"id":137171,"href":"https:\/\/jundiai.sp.gov.br\/noticias\/wp-json\/wp\/v2\/posts\/51558\/revisions\/137171"}],"wp:attachment":[{"href":"https:\/\/jundiai.sp.gov.br\/noticias\/wp-json\/wp\/v2\/media?parent=51558"}],"wp:term":[{"taxonomy":"category","embeddable":true,"href":"https:\/\/jundiai.sp.gov.br\/noticias\/wp-json\/wp\/v2\/categories?post=51558"},{"taxonomy":"post_tag","embeddable":true,"href":"https:\/\/jundiai.sp.gov.br\/noticias\/wp-json\/wp\/v2\/tags?post=51558"},{"taxonomy":"ods","embeddable":true,"href":"https:\/\/jundiai.sp.gov.br\/noticias\/wp-json\/wp\/v2\/ods?post=51558"}],"curies":[{"name":"wp","href":"https:\/\/api.w.org\/{rel}","templated":true}]}}