{"id":51576,"date":"2013-01-31T19:06:19","date_gmt":"2013-01-31T21:06:19","guid":{"rendered":"https:\/\/jundiai.sp.gov.br\/noticias\/?p=51576"},"modified":"2016-11-04T10:53:36","modified_gmt":"2016-11-04T12:53:36","slug":"guarda-municipal-recebe-homenagem-na-sede-da-instituicao","status":"publish","type":"post","link":"https:\/\/jundiai.sp.gov.br\/noticias\/2013\/01\/31\/guarda-municipal-recebe-homenagem-na-sede-da-instituicao\/","title":{"rendered":"Guarda Municipal recebe homenagem na sede"},"content":{"rendered":"<p>O guarda municipal Israel Mendes, que est\u00e1 h\u00e1 26 anos na corpora\u00e7\u00e3o da cidade, foi homenageado na quarta-feira (30) com o diploma de Honra ao M\u00e9rito Pelos Bons Servi\u00e7os prestados a Jundia\u00ed. Ele, que est\u00e1 se despedindo da farda em raz\u00e3o da aposentadoria, ganhou abra\u00e7os dos companheiros que acompanharam a sua trajet\u00f3ria dentro da GM jundiaiense.<\/p>\n<p><strong>Leia tamb\u00e9m<br \/>\n<a href=\"https:\/\/jundiai.sp.gov.br\/noticias\/2013\/01\/gm-concorre-ao-posto-de-mais-bonita-do-brasil\/\" target=\"_blank\">GM concorre ao posto de mais bonita do Brasil<\/a><\/strong><\/p>\n<div id=\"attachment_137276\" style=\"width: 730px\" class=\"wp-caption aligncenter\"><a href=\"https:\/\/jundiai.sp.gov.br\/noticias\/wp-content\/uploads\/sites\/32\/2013\/01\/1907653_1569340029982163_1036574391433333163_n-1.jpg\"><img loading=\"lazy\" decoding=\"async\" aria-describedby=\"caption-attachment-137276\" src=\"https:\/\/jundiai.sp.gov.br\/noticias\/wp-content\/uploads\/sites\/32\/2013\/01\/1907653_1569340029982163_1036574391433333163_n-1.jpg\" alt=\"Comandante Ferraz, Israel e o subcomandante Soares: 26 anos de trabalho\" width=\"720\" height=\"513\" class=\"size-full wp-image-137276\" \/><\/a><p id=\"caption-attachment-137276\" class=\"wp-caption-text\">Comandante Ferraz, Israel e o subcomandante Soares: 26 anos de trabalho<\/p><\/div>\n<p>A solenidade aconteceu na sede da GM e foi presidida pelo comandante, Jos\u00e9 Roberto Ferraz, e pelo subcomandante Paulo Vicente Soares. \u201cA administra\u00e7\u00e3o preparou esta homenagem ao GM Israel que &#8211; por 26 anos &#8211; contribuiu no atendimento \u00e0 popula\u00e7\u00e3o\u201d, comentou Ferraz.<\/p>\n<div id=\"attachment_137277\" style=\"width: 410px\" class=\"wp-caption alignleft\"><a href=\"https:\/\/jundiai.sp.gov.br\/noticias\/wp-content\/uploads\/sites\/32\/2013\/01\/DSC_0710g1.jpg\"><img loading=\"lazy\" decoding=\"async\" aria-describedby=\"caption-attachment-137277\" src=\"https:\/\/jundiai.sp.gov.br\/noticias\/wp-content\/uploads\/sites\/32\/2013\/01\/DSC_0710g1.jpg\" alt=\"O homenageado com parte da corpora\u00e7\u00e3o\" width=\"400\" height=\"400\" class=\"size-full wp-image-137277\" \/><\/a><p id=\"caption-attachment-137277\" class=\"wp-caption-text\">O homenageado com parte da corpora\u00e7\u00e3o<\/p><\/div>\n<p>O subcomandante Paulo Vicente Soares destacou as experi\u00eancias adquiridas com Israel. \u201cTrabalhei com Israel no come\u00e7o da minha carreira e aprendi com ele. E quando j\u00e1 era graduado e assumi o comando do Posto Avan\u00e7ado da Serra do Japi, ele era um dos GMs mais antigos do posto e sempre foi muito sol\u00edcito.\u201d<\/p>\n<p>O homenageado disse que &#8220;prima pelo bem estar da comunidade jundiaiense e tenho lembran\u00e7as de todos os eventos que participei. N\u00e3o posso deixar de citar o GM Zuim, com quem muito aprendi\u201d.<\/p>\n<p><strong><em>Fotos: Fot\u00f3grafos PMJ<\/em><\/strong><\/p>\n","protected":false},"excerpt":{"rendered":"<p>Israel Mendes, h\u00e1 26 anos na corpora\u00e7\u00e3o, deve aposentar a farda em breve por conta da aposentadoria <\/p>\n","protected":false},"author":10,"featured_media":0,"comment_status":"closed","ping_status":"closed","sticky":false,"template":"","format":"standard","meta":{"footnotes":""},"categories":[2],"tags":[31],"ods":[],"class_list":["post-51576","post","type-post","status-publish","format-standard","hentry","category-noticias","tag-guarda-municipal"],"_links":{"self":[{"href":"https:\/\/jundiai.sp.gov.br\/noticias\/wp-json\/wp\/v2\/posts\/51576","targetHints":{"allow":["GET"]}}],"collection":[{"href":"https:\/\/jundiai.sp.gov.br\/noticias\/wp-json\/wp\/v2\/posts"}],"about":[{"href":"https:\/\/jundiai.sp.gov.br\/noticias\/wp-json\/wp\/v2\/types\/post"}],"author":[{"embeddable":true,"href":"https:\/\/jundiai.sp.gov.br\/noticias\/wp-json\/wp\/v2\/users\/10"}],"replies":[{"embeddable":true,"href":"https:\/\/jundiai.sp.gov.br\/noticias\/wp-json\/wp\/v2\/comments?post=51576"}],"version-history":[{"count":3,"href":"https:\/\/jundiai.sp.gov.br\/noticias\/wp-json\/wp\/v2\/posts\/51576\/revisions"}],"predecessor-version":[{"id":137278,"href":"https:\/\/jundiai.sp.gov.br\/noticias\/wp-json\/wp\/v2\/posts\/51576\/revisions\/137278"}],"wp:attachment":[{"href":"https:\/\/jundiai.sp.gov.br\/noticias\/wp-json\/wp\/v2\/media?parent=51576"}],"wp:term":[{"taxonomy":"category","embeddable":true,"href":"https:\/\/jundiai.sp.gov.br\/noticias\/wp-json\/wp\/v2\/categories?post=51576"},{"taxonomy":"post_tag","embeddable":true,"href":"https:\/\/jundiai.sp.gov.br\/noticias\/wp-json\/wp\/v2\/tags?post=51576"},{"taxonomy":"ods","embeddable":true,"href":"https:\/\/jundiai.sp.gov.br\/noticias\/wp-json\/wp\/v2\/ods?post=51576"}],"curies":[{"name":"wp","href":"https:\/\/api.w.org\/{rel}","templated":true}]}}