{"id":51619,"date":"2013-02-01T17:19:46","date_gmt":"2013-02-01T19:19:46","guid":{"rendered":"https:\/\/jundiai.sp.gov.br\/noticias\/?p=51619"},"modified":"2016-11-04T10:53:36","modified_gmt":"2016-11-04T12:53:36","slug":"parceria-cria-centro-de-estudos-e-pesquisas-na-usp","status":"publish","type":"post","link":"https:\/\/jundiai.sp.gov.br\/noticias\/2013\/02\/01\/parceria-cria-centro-de-estudos-e-pesquisas-na-usp\/","title":{"rendered":"Parceria cria Centro de Estudos e Pesquisas na USP"},"content":{"rendered":"<p>Da parceria entre o Minist\u00e9rio da Integra\u00e7\u00e3o Nacional, por meio da Sedec (Secretaria Nacional de Defesa Civil), o Governo do Estado de S\u00e3o Paulo, com a Coordenadoria Estadual de Defesa Civil, e a USP (Universidade de S\u00e3o Paulo) surgiu a cria\u00e7\u00e3o do Ceped (Centro de Estudos e Pesquisas de Desastres de S\u00e3o Paulo). O acordo foi assinado na tarde de quinta-feira (31), em solenidade no Pal\u00e1cio dos Bandeirantes, em S\u00e3o Paulo. O coordenador da Defesa Civil de Jundia\u00ed, coronel Eduardo Luiz Carbonari, participou do ato.<\/p>\n<p><strong>Leia tamb\u00e9m<br \/>\n<a href=\"https:\/\/jundiai.sp.gov.br\/noticias\/2013\/01\/fiscalizacao-as-casas-noturnas-sera-intensificada\/\" target=\"_blank\">Fiscaliza\u00e7\u00e3o \u00e0s casas noturnas ser\u00e1 intensificada<\/a><\/strong><\/p>\n<div id=\"attachment_136935\" style=\"width: 410px\" class=\"wp-caption alignleft\"><a href=\"https:\/\/jundiai.sp.gov.br\/noticias\/wp-content\/uploads\/sites\/32\/2013\/02\/CEPEDE1g.jpg\"><img loading=\"lazy\" decoding=\"async\" aria-describedby=\"caption-attachment-136935\" src=\"https:\/\/jundiai.sp.gov.br\/noticias\/wp-content\/uploads\/sites\/32\/2013\/02\/CEPEDE1g.jpg\" alt=\"Secret\u00e1rio nacional Humberto Viana, na assinatura do acordo\" width=\"400\" height=\"400\" class=\"size-full wp-image-136935\" \/><\/a><p id=\"caption-attachment-136935\" class=\"wp-caption-text\">Secret\u00e1rio nacional Humberto Viana, na assinatura do acordo<\/p><\/div>\n<p>A implanta\u00e7\u00e3o do centro tem como objetivo promover o conhecimento para contribuir na preven\u00e7\u00e3o e redu\u00e7\u00e3o de desastres em \u00e2mbito regional e nacional.<\/p>\n<p>O Ceped vai reunir informa\u00e7\u00f5es, realizar cursos de capacita\u00e7\u00e3o e treinamento, al\u00e9m de desenvolver pesquisas que v\u00e3o possibilitar que os governos elaborem pol\u00edticas de Defesa Civil.<\/p>\n<p>Centros semelhantes j\u00e1 existem no Rio Grande do Sul (RS), Santa Catarina (SC), Rio de Janeiro (RJ) e em Pernambuco (PE).<\/p>\n<p>Para Carbonari, a Defesa Civil de Jundia\u00ed ter\u00e1 grande participa\u00e7\u00e3o nos estudos e pesquisas do Ceped. \u201cEstamos bem perto da USP, o que vai facilitar esse trabalho\u201d, disse o coronel. \u201cSaio satisfeito deste encontro, que nos proporcionou aporte material. Nossas conversas com o secret\u00e1rio (Humberto) Viana e os demais participantes foram muito boas. Aqui tamb\u00e9m temos as portas abertas para melhorarmos os nossos trabalhos em Jundia\u00ed\u201d, completou Carbonari.<\/p>\n<div id=\"attachment_136936\" style=\"width: 410px\" class=\"wp-caption alignright\"><a href=\"https:\/\/jundiai.sp.gov.br\/noticias\/wp-content\/uploads\/sites\/32\/2013\/02\/CEPEDE2g1.jpg\"><img loading=\"lazy\" decoding=\"async\" aria-describedby=\"caption-attachment-136936\" src=\"https:\/\/jundiai.sp.gov.br\/noticias\/wp-content\/uploads\/sites\/32\/2013\/02\/CEPEDE2g1.jpg\" alt=\"Eduardo Carbonari: \u201cEstamos perto da USP e isso vai facilitar muito\u201d\" width=\"400\" height=\"400\" class=\"size-full wp-image-136936\" \/><\/a><p id=\"caption-attachment-136936\" class=\"wp-caption-text\">Eduardo Carbonari: \u201cEstamos perto da USP e isso vai facilitar muito\u201d<\/p><\/div>\n<p><strong>Refer\u00eancia<\/strong><br \/>\nDurante a solenidade, o secret\u00e1rio nacional da Defesa Civil do Minist\u00e9rio da Integra\u00e7\u00e3o Nacional, Humberto Viana, disse que o Ceped de S\u00e3o Paulo ser\u00e1 refer\u00eancia nacional.<\/p>\n<p>\u201cNo momento em que a gente faz esta parceria com a USP, n\u00f3s vamos disseminar, a partir da regi\u00e3o Sudeste, experi\u00eancias que precisam ser reconhecidas no pa\u00eds todo\u201d, disse o secret\u00e1rio nacional.<\/p>\n<p>\u201cAcreditamos que o resultado ser\u00e1 em benef\u00edcio do povo brasileiro. S\u00e3o Paulo tem refer\u00eancia, a USP tem refer\u00eancia e este centro ser\u00e1 refer\u00eancia\u201d, prometeu.<\/p>\n<p>O secret\u00e1rio-chefe da Casa Militar e coordenador estadual de Defesa Civil do Estado de S\u00e3o Paulo, Airton Iosimo Martinez, destacou que &#8220;a parceria vai salvar vidas, j\u00e1 que o trabalho da Defesa Civil \u00e9 agir na preven\u00e7\u00e3o\u201d, disse Martinez.<\/p>\n<p>J\u00e1 o reitor da USP, Jo\u00e3o Grandino Rodas, apontou a atua\u00e7\u00e3o da universidade nesse processo. \u201cDevemos utilizar a tecnologia, a ci\u00eancia e o empenho para minimizar problemas que n\u00e3o podem ser evitados\u201d, afirmou o reitor.<\/p>\n<p><strong><em>Fotos: Divulga\u00e7\u00e3o<\/em><\/strong><\/p>\n","protected":false},"excerpt":{"rendered":"<p>Novidade foi apresentada em S\u00e3o Paulo, com a presen\u00e7a do Coordenador da Defesa Civil, Eduardo Carbonari  <\/p>\n","protected":false},"author":10,"featured_media":0,"comment_status":"closed","ping_status":"closed","sticky":false,"template":"","format":"standard","meta":{"footnotes":""},"categories":[2],"tags":[34],"ods":[],"class_list":["post-51619","post","type-post","status-publish","format-standard","hentry","category-noticias","tag-defesa-civil"],"_links":{"self":[{"href":"https:\/\/jundiai.sp.gov.br\/noticias\/wp-json\/wp\/v2\/posts\/51619","targetHints":{"allow":["GET"]}}],"collection":[{"href":"https:\/\/jundiai.sp.gov.br\/noticias\/wp-json\/wp\/v2\/posts"}],"about":[{"href":"https:\/\/jundiai.sp.gov.br\/noticias\/wp-json\/wp\/v2\/types\/post"}],"author":[{"embeddable":true,"href":"https:\/\/jundiai.sp.gov.br\/noticias\/wp-json\/wp\/v2\/users\/10"}],"replies":[{"embeddable":true,"href":"https:\/\/jundiai.sp.gov.br\/noticias\/wp-json\/wp\/v2\/comments?post=51619"}],"version-history":[{"count":2,"href":"https:\/\/jundiai.sp.gov.br\/noticias\/wp-json\/wp\/v2\/posts\/51619\/revisions"}],"predecessor-version":[{"id":136937,"href":"https:\/\/jundiai.sp.gov.br\/noticias\/wp-json\/wp\/v2\/posts\/51619\/revisions\/136937"}],"wp:attachment":[{"href":"https:\/\/jundiai.sp.gov.br\/noticias\/wp-json\/wp\/v2\/media?parent=51619"}],"wp:term":[{"taxonomy":"category","embeddable":true,"href":"https:\/\/jundiai.sp.gov.br\/noticias\/wp-json\/wp\/v2\/categories?post=51619"},{"taxonomy":"post_tag","embeddable":true,"href":"https:\/\/jundiai.sp.gov.br\/noticias\/wp-json\/wp\/v2\/tags?post=51619"},{"taxonomy":"ods","embeddable":true,"href":"https:\/\/jundiai.sp.gov.br\/noticias\/wp-json\/wp\/v2\/ods?post=51619"}],"curies":[{"name":"wp","href":"https:\/\/api.w.org\/{rel}","templated":true}]}}