{"id":51967,"date":"2013-02-05T17:19:48","date_gmt":"2013-02-05T19:19:48","guid":{"rendered":"https:\/\/jundiai.sp.gov.br\/noticias\/?p=51967"},"modified":"2016-11-04T10:53:14","modified_gmt":"2016-11-04T12:53:14","slug":"prefeito-acompanha-inicio-do-ano-legislativo","status":"publish","type":"post","link":"https:\/\/jundiai.sp.gov.br\/noticias\/2013\/02\/05\/prefeito-acompanha-inicio-do-ano-legislativo\/","title":{"rendered":"Prefeito acompanha in\u00edcio do ano legislativo"},"content":{"rendered":"<p>O ano legislativo teve in\u00edcio na manh\u00e3 desta ter\u00e7a-feira (05), com a primeira sess\u00e3o ordin\u00e1ria da C\u00e2mara Municipal de Jundia\u00ed. A pauta deu espa\u00e7o para a mensagem do Executivo, com o discurso do prefeito Pedro Bigardi &#8211; que estava acompanhado dos secret\u00e1rios Jos\u00e9 Carlos Pires (Casa Civil), Paulo Roberto Galv\u00e3o (Finan\u00e7as), Cristiano Guimar\u00e3es (Comunica\u00e7\u00e3o) e do vice-prefeito e secret\u00e1rio de Educa\u00e7\u00e3o e Esportes, Durval Orlato.<\/p>\n<p><strong>Leia tamb\u00e9m<\/strong><br \/>\n<a href=\"https:\/\/jundiai.sp.gov.br\/noticias\/2013\/02\/prefeitura-faz-avaliacao-de-um-mes-de-governo\/\" target=\"_blank\"><strong>Prefeitura faz avalia\u00e7\u00e3o de um m\u00eas de governo<\/strong><\/a><\/p>\n<div id=\"attachment_136877\" style=\"width: 410px\" class=\"wp-caption alignleft\"><a href=\"https:\/\/jundiai.sp.gov.br\/noticias\/wp-content\/uploads\/sites\/32\/2013\/02\/prefeito_visita_camara_c_2g.jpg\"><img loading=\"lazy\" decoding=\"async\" aria-describedby=\"caption-attachment-136877\" src=\"https:\/\/jundiai.sp.gov.br\/noticias\/wp-content\/uploads\/sites\/32\/2013\/02\/prefeito_visita_camara_c_2g.jpg\" alt=\"Prefeito reitera compromisso de di\u00e1logo entre Executivo e Legislativo\" width=\"400\" height=\"400\" class=\"size-full wp-image-136877\" \/><\/a><p id=\"caption-attachment-136877\" class=\"wp-caption-text\">Prefeito reitera compromisso de di\u00e1logo entre Executivo e Legislativo<\/p><\/div>\n<p>O presidente do Legislativo, Gerson Sartori fez a abertura r\u00e1pida e passou a palavra ao chefe da Casa Civil, seguida de Orlato e do prefeito. O chefe do Executivo agradeceu o convite para participar da sess\u00e3o, reiterando o que disse na tribuna durante a cerim\u00f4nia de posse, dia (01) de janeiro: ser\u00e1 um relacionamento de di\u00e1logo entre a prefeitura e o Legislativo.<\/p>\n<p>\u201cDestaco os cinco principais eixos do Projeto de Governo: cuidar das pessoas, crescer com qualidade de vida, desenvolver com a inclus\u00e3o social, gest\u00e3o eficiente e transparente e integra\u00e7\u00e3o regional\u201d, comentou o prefeito.<\/p>\n<p><em><strong>Fotos: Cleber de Almeida<\/strong><\/em><\/p>\n","protected":false},"excerpt":{"rendered":"<p>Proposta de Pedro Bigardi \u00e9 promover di\u00e1logo entre a prefeitura e a C\u00e2mara Municipal de Jundia\u00ed<\/p>\n","protected":false},"author":11,"featured_media":0,"comment_status":"closed","ping_status":"closed","sticky":false,"template":"","format":"standard","meta":{"footnotes":""},"categories":[2],"tags":[428],"ods":[],"class_list":["post-51967","post","type-post","status-publish","format-standard","hentry","category-noticias","tag-camara-municipal"],"_links":{"self":[{"href":"https:\/\/jundiai.sp.gov.br\/noticias\/wp-json\/wp\/v2\/posts\/51967","targetHints":{"allow":["GET"]}}],"collection":[{"href":"https:\/\/jundiai.sp.gov.br\/noticias\/wp-json\/wp\/v2\/posts"}],"about":[{"href":"https:\/\/jundiai.sp.gov.br\/noticias\/wp-json\/wp\/v2\/types\/post"}],"author":[{"embeddable":true,"href":"https:\/\/jundiai.sp.gov.br\/noticias\/wp-json\/wp\/v2\/users\/11"}],"replies":[{"embeddable":true,"href":"https:\/\/jundiai.sp.gov.br\/noticias\/wp-json\/wp\/v2\/comments?post=51967"}],"version-history":[{"count":3,"href":"https:\/\/jundiai.sp.gov.br\/noticias\/wp-json\/wp\/v2\/posts\/51967\/revisions"}],"predecessor-version":[{"id":136878,"href":"https:\/\/jundiai.sp.gov.br\/noticias\/wp-json\/wp\/v2\/posts\/51967\/revisions\/136878"}],"wp:attachment":[{"href":"https:\/\/jundiai.sp.gov.br\/noticias\/wp-json\/wp\/v2\/media?parent=51967"}],"wp:term":[{"taxonomy":"category","embeddable":true,"href":"https:\/\/jundiai.sp.gov.br\/noticias\/wp-json\/wp\/v2\/categories?post=51967"},{"taxonomy":"post_tag","embeddable":true,"href":"https:\/\/jundiai.sp.gov.br\/noticias\/wp-json\/wp\/v2\/tags?post=51967"},{"taxonomy":"ods","embeddable":true,"href":"https:\/\/jundiai.sp.gov.br\/noticias\/wp-json\/wp\/v2\/ods?post=51967"}],"curies":[{"name":"wp","href":"https:\/\/api.w.org\/{rel}","templated":true}]}}