{"id":52739,"date":"2013-02-18T15:09:14","date_gmt":"2013-02-18T18:09:14","guid":{"rendered":"https:\/\/jundiai.sp.gov.br\/noticias\/?p=52739"},"modified":"2016-11-04T13:24:01","modified_gmt":"2016-11-04T15:24:01","slug":"secretaria-de-rh-recebe-diretoria-do-sindicato-do-funcionalismo","status":"publish","type":"post","link":"https:\/\/jundiai.sp.gov.br\/noticias\/2013\/02\/18\/secretaria-de-rh-recebe-diretoria-do-sindicato-do-funcionalismo\/","title":{"rendered":"Secret\u00e1ria de RH recebe diretoria do Sindicato do funcionalismo"},"content":{"rendered":"<p>O di\u00e1logo entre a administra\u00e7\u00e3o municipal e o funcionalismo p\u00fablico est\u00e1 aberto. Na manh\u00e3 desta segunda-feira (18), a secret\u00e1ria de Recursos Humanos, Mary Fornari Marinho, recebeu a diretoria do Sindserjun (Sindicato dos Servidores P\u00fablicos de Jundia\u00ed), Eleni Mossin F\u00e1varo.<\/p>\n<p><strong>Leia mais<br \/>\n<a href=\"https:\/\/jundiai.sp.gov.br\/noticias\/2013\/02\/prefeito-recebe-diretor-da-federacao-do-setor-de-asseio-e-conservacao\/\" target=\"_blank\">Prefeito recebe diretores sindicalistas<\/a><\/strong><\/p>\n<p>De acordo com Mary Marinho, o encontro foi muito satisfat\u00f3rio, pois estabeleceu um canal importante para o di\u00e1logo entre o governo municipal e o funcionalismo. \u201cO sindicato cumpre seu papel ao nos trazer as reivindica\u00e7\u00f5es em nome do funcionalismo, mas s\u00e3o demandas que necessitam de estudos aprofundados e pareceres das respectivas secretarias envolvidas na resolu\u00e7\u00e3o\u201d, disse a secret\u00e1ria.<\/p>\n<div id=\"attachment_136426\" style=\"width: 730px\" class=\"wp-caption aligncenter\"><a href=\"https:\/\/jundiai.sp.gov.br\/noticias\/wp-content\/uploads\/sites\/32\/2013\/02\/reuniao_sec_RH_com_sindicato_servidor_c_14_G1.jpg\"><img loading=\"lazy\" decoding=\"async\" aria-describedby=\"caption-attachment-136426\" src=\"https:\/\/jundiai.sp.gov.br\/noticias\/wp-content\/uploads\/sites\/32\/2013\/02\/reuniao_sec_RH_com_sindicato_servidor_c_14_G1.jpg\" alt=\"O encontro aconteceu no gabinete da secret\u00e1ria Mary Marinho\" width=\"720\" height=\"513\" class=\"size-full wp-image-136426\" \/><\/a><p id=\"caption-attachment-136426\" class=\"wp-caption-text\">O encontro aconteceu no gabinete da secret\u00e1ria Mary Marinho<\/p><\/div>\n<p>J\u00e1 para Eleni, a pauta entregue \u00e9 resultado do trabalho que se iniciou a partir da aprova\u00e7\u00e3o, ano passado, da lei que instituiu o Plano de Cargos e Sal\u00e1rios. \u201cH\u00e1 uma demanda reprimida com rela\u00e7\u00e3o a muitas categorias. Elaboramos reuni\u00f5es setoriais antes, com o objetivo de reunir as informa\u00e7\u00f5es em um s\u00f3 bloco, o que entregamos agora \u00e0 secret\u00e1ria Mary\u201d, disse Eleni.<\/p>\n<p>A prefeitura tem um quadro variado de servidores, o que gera uma grande complexidade na hora de tratar a quest\u00e3o salarial e as pol\u00edticas de RH em geral. Algumas categorias ainda precisam ter resolvidos seus enquadramentos dentro do Plano de Cargos.<\/p>\n<p>Do encontro, participaram tamb\u00e9m os diretores da secretaria, Rosana Pedroso (Administra\u00e7\u00e3o de RH) e Cl\u00e1udio Alberto Alves dos Santos (T\u00e9cnico-administrativo), al\u00e9m do chefe da Divis\u00e3o de Cargos e Sal\u00e1rios, Eduardo Sanches.<\/p>\n<p><strong><em>Foto: Cleber de Almeida<\/em><\/strong><\/p>\n","protected":false},"excerpt":{"rendered":"<p>Encontro afinou o di\u00e1logo entre a gest\u00e3o e o funcionalismo; pauta entregue \u00e9 sobre Plano de Cargos e Sal\u00e1rios  <\/p>\n","protected":false},"author":10,"featured_media":0,"comment_status":"closed","ping_status":"closed","sticky":false,"template":"","format":"standard","meta":{"footnotes":""},"categories":[2],"tags":[548],"ods":[],"class_list":["post-52739","post","type-post","status-publish","format-standard","hentry","category-noticias","tag-gestao-de-pessoas"],"_links":{"self":[{"href":"https:\/\/jundiai.sp.gov.br\/noticias\/wp-json\/wp\/v2\/posts\/52739","targetHints":{"allow":["GET"]}}],"collection":[{"href":"https:\/\/jundiai.sp.gov.br\/noticias\/wp-json\/wp\/v2\/posts"}],"about":[{"href":"https:\/\/jundiai.sp.gov.br\/noticias\/wp-json\/wp\/v2\/types\/post"}],"author":[{"embeddable":true,"href":"https:\/\/jundiai.sp.gov.br\/noticias\/wp-json\/wp\/v2\/users\/10"}],"replies":[{"embeddable":true,"href":"https:\/\/jundiai.sp.gov.br\/noticias\/wp-json\/wp\/v2\/comments?post=52739"}],"version-history":[{"count":3,"href":"https:\/\/jundiai.sp.gov.br\/noticias\/wp-json\/wp\/v2\/posts\/52739\/revisions"}],"predecessor-version":[{"id":136429,"href":"https:\/\/jundiai.sp.gov.br\/noticias\/wp-json\/wp\/v2\/posts\/52739\/revisions\/136429"}],"wp:attachment":[{"href":"https:\/\/jundiai.sp.gov.br\/noticias\/wp-json\/wp\/v2\/media?parent=52739"}],"wp:term":[{"taxonomy":"category","embeddable":true,"href":"https:\/\/jundiai.sp.gov.br\/noticias\/wp-json\/wp\/v2\/categories?post=52739"},{"taxonomy":"post_tag","embeddable":true,"href":"https:\/\/jundiai.sp.gov.br\/noticias\/wp-json\/wp\/v2\/tags?post=52739"},{"taxonomy":"ods","embeddable":true,"href":"https:\/\/jundiai.sp.gov.br\/noticias\/wp-json\/wp\/v2\/ods?post=52739"}],"curies":[{"name":"wp","href":"https:\/\/api.w.org\/{rel}","templated":true}]}}