{"id":52794,"date":"2013-02-18T19:09:06","date_gmt":"2013-02-18T22:09:06","guid":{"rendered":"https:\/\/jundiai.sp.gov.br\/noticias\/?p=52794"},"modified":"2016-11-04T13:11:51","modified_gmt":"2016-11-04T15:11:51","slug":"ambulatorio-do-sao-vicente-ganha-conforto","status":"publish","type":"post","link":"https:\/\/jundiai.sp.gov.br\/noticias\/2013\/02\/18\/ambulatorio-do-sao-vicente-ganha-conforto\/","title":{"rendered":"Ambulat\u00f3rio do S\u00e3o Vicente ganha conforto"},"content":{"rendered":"<p>O novo ambulat\u00f3rio de especialidades do Hospital S\u00e3o Vicente de Paulo, na rua Leonardo Cavalcanti, n\u00ba 322, abriu as portas nesta segunda-feira (18) com boa impress\u00e3o de pacientes atendidos. De acordo com Mafalda Rosa, a antiga sede chamada &#8220;Casa Roxa&#8221; &#8211; na rua Euclides da Cunha &#8211; estava ultrapassada.<\/p>\n<p><strong>Leia tamb\u00e9m<\/strong><br \/>\n<a href=\"https:\/\/jundiai.sp.gov.br\/noticias\/2013\/02\/secretarios-ouvem-populacao-do-vetor-oeste\/\" target=\"_blank\"><strong>Secret\u00e1rios ouvem popula\u00e7\u00e3o do Vetor Oeste<\/strong><\/a><\/p>\n<div id=\"attachment_136191\" style=\"width: 410px\" class=\"wp-caption alignleft\"><a href=\"https:\/\/jundiai.sp.gov.br\/noticias\/wp-content\/uploads\/sites\/32\/2013\/02\/ambulatorio_especialidades_p_41g.jpg\"><img loading=\"lazy\" decoding=\"async\" aria-describedby=\"caption-attachment-136191\" src=\"https:\/\/jundiai.sp.gov.br\/noticias\/wp-content\/uploads\/sites\/32\/2013\/02\/ambulatorio_especialidades_p_41g.jpg\" alt=\"Mafalda Rosa na consulta m\u00e9dica elogiou a nova sede\" width=\"400\" height=\"400\" class=\"size-full wp-image-136191\" \/><\/a><p id=\"caption-attachment-136191\" class=\"wp-caption-text\">Mafalda Rosa na consulta m\u00e9dica elogiou a nova sede<\/p><\/div>\n<p>&#8220;Era um ambiente abafado e apertado. Esta nova casa est\u00e1 bem iluminada, ventilada, bem melhor. E o atendimento est\u00e1 simp\u00e1tico at\u00e9 pelo telefone&#8221;, afirma. Com cirurgia realizada pelo hospital, depois de encaminhamento pela Casa de Sa\u00fade de Itatiba, ela passou por uma consulta especializada em cabe\u00e7a e pesco\u00e7o.<\/p>\n<p>Al\u00e9m dessa especialidade, a partir de agora tamb\u00e9m atendem ali os especialistas de cirurgia card\u00edaca, cirurgia oncol\u00f3gica, cirurgia vascular, cirurgia geral, neurocirurgia, cirurgia vascular, cirurgia tor\u00e1xica, cirurgia pl\u00e1stica, cirurgina fono, otorrinolaringologia, urologia, hematologia, coloproctologia, gastrocl\u00ednica, cancerologia cir\u00fargica, neurologia cl\u00ednica, nutricionista, pr\u00e9-operat\u00f3rio e cuidados paliativos. Parte dos titulares ainda est\u00e1 terminando as f\u00e9rias anuais.<\/p>\n<div id=\"attachment_136192\" style=\"width: 410px\" class=\"wp-caption alignright\"><a href=\"https:\/\/jundiai.sp.gov.br\/noticias\/wp-content\/uploads\/sites\/32\/2013\/02\/ambulatorio_especialidades_p_50g1.jpg\"><img loading=\"lazy\" decoding=\"async\" aria-describedby=\"caption-attachment-136192\" src=\"https:\/\/jundiai.sp.gov.br\/noticias\/wp-content\/uploads\/sites\/32\/2013\/02\/ambulatorio_especialidades_p_50g1.jpg\" alt=\"Fachada do novo ambulat\u00f3rio de especialidades\" width=\"400\" height=\"400\" class=\"size-full wp-image-136192\" \/><\/a><p id=\"caption-attachment-136192\" class=\"wp-caption-text\">Fachada do novo ambulat\u00f3rio de especialidades<\/p><\/div>\n<p>De acordo com o superintendente do hospital, Fued Maluf, a inten\u00e7\u00e3o da mudan\u00e7a era exatamente ampliar o conforto do atendimento. As consultas ali s\u00e3o marcadas para pessoas atendidas pelo Hospital S\u00e3o Vicente ou para pacientes encaminhados pelas UBS (Unidades B\u00e1sicas de Sa\u00fade).<\/p>\n<p><em><strong>Fotos: Paulo Gr\u00e9gio<\/strong><\/em><\/p>\n","protected":false},"excerpt":{"rendered":"<p>A inten\u00e7\u00e3o da mudan\u00e7a foi proporcionar conforto aos pacientes e ampliar o atendimento<\/p>\n","protected":false},"author":11,"featured_media":0,"comment_status":"closed","ping_status":"closed","sticky":false,"template":"","format":"standard","meta":{"footnotes":""},"categories":[2],"tags":[3],"ods":[],"class_list":["post-52794","post","type-post","status-publish","format-standard","hentry","category-noticias","tag-saude"],"_links":{"self":[{"href":"https:\/\/jundiai.sp.gov.br\/noticias\/wp-json\/wp\/v2\/posts\/52794","targetHints":{"allow":["GET"]}}],"collection":[{"href":"https:\/\/jundiai.sp.gov.br\/noticias\/wp-json\/wp\/v2\/posts"}],"about":[{"href":"https:\/\/jundiai.sp.gov.br\/noticias\/wp-json\/wp\/v2\/types\/post"}],"author":[{"embeddable":true,"href":"https:\/\/jundiai.sp.gov.br\/noticias\/wp-json\/wp\/v2\/users\/11"}],"replies":[{"embeddable":true,"href":"https:\/\/jundiai.sp.gov.br\/noticias\/wp-json\/wp\/v2\/comments?post=52794"}],"version-history":[{"count":2,"href":"https:\/\/jundiai.sp.gov.br\/noticias\/wp-json\/wp\/v2\/posts\/52794\/revisions"}],"predecessor-version":[{"id":136193,"href":"https:\/\/jundiai.sp.gov.br\/noticias\/wp-json\/wp\/v2\/posts\/52794\/revisions\/136193"}],"wp:attachment":[{"href":"https:\/\/jundiai.sp.gov.br\/noticias\/wp-json\/wp\/v2\/media?parent=52794"}],"wp:term":[{"taxonomy":"category","embeddable":true,"href":"https:\/\/jundiai.sp.gov.br\/noticias\/wp-json\/wp\/v2\/categories?post=52794"},{"taxonomy":"post_tag","embeddable":true,"href":"https:\/\/jundiai.sp.gov.br\/noticias\/wp-json\/wp\/v2\/tags?post=52794"},{"taxonomy":"ods","embeddable":true,"href":"https:\/\/jundiai.sp.gov.br\/noticias\/wp-json\/wp\/v2\/ods?post=52794"}],"curies":[{"name":"wp","href":"https:\/\/api.w.org\/{rel}","templated":true}]}}