{"id":52827,"date":"2013-02-19T18:10:09","date_gmt":"2013-02-19T21:10:09","guid":{"rendered":"https:\/\/jundiai.sp.gov.br\/noticias\/?p=52827"},"modified":"2016-11-04T13:24:23","modified_gmt":"2016-11-04T15:24:23","slug":"sindicato-dos-bancarios-convida-prefeito-para-posse-da-diretoria","status":"publish","type":"post","link":"https:\/\/jundiai.sp.gov.br\/noticias\/2013\/02\/19\/sindicato-dos-bancarios-convida-prefeito-para-posse-da-diretoria\/","title":{"rendered":"Sindicato dos Banc\u00e1rios convida prefeito para posse da diretoria"},"content":{"rendered":"<p>Diretores do Sindicato dos Banc\u00e1rios de Jundia\u00ed estiveram na tarde desta ter\u00e7a-feira (19), na Prefeitura de Jundia\u00ed. O intuito da visita foi para convidar o prefeito Pedro Bigardi para a posse da nova diretoria, que acontece na pr\u00f3xima sexta-feira (22), \u00e0s 19h, na Associa\u00e7\u00e3o dos Aposentados e Pensionistas de Jundia\u00ed e Regi\u00e3o.<\/p>\n<p><strong>Leia tamb\u00e9m<br \/>\n<a href=\"https:\/\/jundiai.sp.gov.br\/noticias\/2013\/02\/comerciantes-pedem-mudancas-no-guapeva\/\" target=\"_blank\">Comerciantes pedem mudan\u00e7as no Guapeva<\/a><\/strong><\/p>\n<div id=\"attachment_136185\" style=\"width: 410px\" class=\"wp-caption alignleft\"><a href=\"https:\/\/jundiai.sp.gov.br\/noticias\/wp-content\/uploads\/sites\/32\/2013\/02\/sindicato_bancarios_d1g1.jpg\"><img loading=\"lazy\" decoding=\"async\" aria-describedby=\"caption-attachment-136185\" src=\"https:\/\/jundiai.sp.gov.br\/noticias\/wp-content\/uploads\/sites\/32\/2013\/02\/sindicato_bancarios_d1g1.jpg\" alt=\"Douglas Yamagata entregando o convite ao prefeito Pedro Bigardi\" width=\"400\" height=\"400\" class=\"size-full wp-image-136185\" \/><\/a><p id=\"caption-attachment-136185\" class=\"wp-caption-text\">Douglas Yamagata entregando o convite ao prefeito Pedro Bigardi<\/p><\/div>\n<p>O prefeito Pedro Bigardi agradeceu a presen\u00e7a do grupo e parabenizou o presidente, Douglas Yamagata, pela posse. A nova diretoria ser\u00e1 respons\u00e1vel pela gest\u00e3o 2013 e 2016 pelo Sindicato dos Banc\u00e1rios.<\/p>\n<p><strong><em>Foto: Dorival Pinheiro Filho<\/em><\/strong><\/p>\n","protected":false},"excerpt":{"rendered":"<p>Solenidade acontece na pr\u00f3xima sexta-feira (22), \u00e0s 19h, na Associa\u00e7\u00e3o dos Aposentados e Pensionistas <\/p>\n","protected":false},"author":10,"featured_media":0,"comment_status":"closed","ping_status":"closed","sticky":false,"template":"","format":"standard","meta":{"footnotes":""},"categories":[2],"tags":[58],"ods":[],"class_list":["post-52827","post","type-post","status-publish","format-standard","hentry","category-noticias","tag-prefeito"],"_links":{"self":[{"href":"https:\/\/jundiai.sp.gov.br\/noticias\/wp-json\/wp\/v2\/posts\/52827","targetHints":{"allow":["GET"]}}],"collection":[{"href":"https:\/\/jundiai.sp.gov.br\/noticias\/wp-json\/wp\/v2\/posts"}],"about":[{"href":"https:\/\/jundiai.sp.gov.br\/noticias\/wp-json\/wp\/v2\/types\/post"}],"author":[{"embeddable":true,"href":"https:\/\/jundiai.sp.gov.br\/noticias\/wp-json\/wp\/v2\/users\/10"}],"replies":[{"embeddable":true,"href":"https:\/\/jundiai.sp.gov.br\/noticias\/wp-json\/wp\/v2\/comments?post=52827"}],"version-history":[{"count":2,"href":"https:\/\/jundiai.sp.gov.br\/noticias\/wp-json\/wp\/v2\/posts\/52827\/revisions"}],"predecessor-version":[{"id":136186,"href":"https:\/\/jundiai.sp.gov.br\/noticias\/wp-json\/wp\/v2\/posts\/52827\/revisions\/136186"}],"wp:attachment":[{"href":"https:\/\/jundiai.sp.gov.br\/noticias\/wp-json\/wp\/v2\/media?parent=52827"}],"wp:term":[{"taxonomy":"category","embeddable":true,"href":"https:\/\/jundiai.sp.gov.br\/noticias\/wp-json\/wp\/v2\/categories?post=52827"},{"taxonomy":"post_tag","embeddable":true,"href":"https:\/\/jundiai.sp.gov.br\/noticias\/wp-json\/wp\/v2\/tags?post=52827"},{"taxonomy":"ods","embeddable":true,"href":"https:\/\/jundiai.sp.gov.br\/noticias\/wp-json\/wp\/v2\/ods?post=52827"}],"curies":[{"name":"wp","href":"https:\/\/api.w.org\/{rel}","templated":true}]}}