{"id":52828,"date":"2013-02-19T18:15:07","date_gmt":"2013-02-19T21:15:07","guid":{"rendered":"https:\/\/jundiai.sp.gov.br\/noticias\/?p=52828"},"modified":"2016-11-04T13:23:23","modified_gmt":"2016-11-04T15:23:23","slug":"secretaria-de-planejamento-apresenta-projeto-de-melhorias-para-o-vale-azul","status":"publish","type":"post","link":"https:\/\/jundiai.sp.gov.br\/noticias\/2013\/02\/19\/secretaria-de-planejamento-apresenta-projeto-de-melhorias-para-o-vale-azul\/","title":{"rendered":"Secretaria apresenta projeto para o Vale Azul"},"content":{"rendered":"<p>A secret\u00e1ria de Planejamento e Meio Ambiente, Daniela da C\u00e2mara Sutti, apresentou nesta segunda-feira (18) um projeto para melhorias para o entorno do lago do Vale Azul, no Caxambu. O an\u00fancio, realizado no gabinete da secret\u00e1ria, foi acompanhado por um grupo de moradores daquela regi\u00e3o.<\/p>\n<p><strong>Leia tamb\u00e9m<\/strong><br \/>\n<a href=\"https:\/\/jundiai.sp.gov.br\/noticias\/2013\/02\/comerciantes-pedem-mudancas-no-guapeva\/\" target=\"_blank\"><strong>Comerciantes pedem mudan\u00e7as no Guapeva<\/strong><\/a><br \/>\n<a href=\"https:\/\/jundiai.sp.gov.br\/noticias\/2013\/02\/forca-tarefa-faz-limpeza-no-sao-camilo\/\" target=\"_blank\"><strong>For\u00e7a-Tarefa faz limpeza no S\u00e3o Camilo<\/strong><\/a><\/p>\n<div id=\"attachment_136182\" style=\"width: 410px\" class=\"wp-caption alignleft\"><a href=\"https:\/\/jundiai.sp.gov.br\/noticias\/wp-content\/uploads\/sites\/32\/2013\/02\/reuniao_vale_azul_p_12g1.jpg\"><img loading=\"lazy\" decoding=\"async\" aria-describedby=\"caption-attachment-136182\" src=\"https:\/\/jundiai.sp.gov.br\/noticias\/wp-content\/uploads\/sites\/32\/2013\/02\/reuniao_vale_azul_p_12g1.jpg\" alt=\"Ouvir a popula\u00e7\u00e3o \u00e9 a meta das secretarias municipais\" width=\"400\" height=\"400\" class=\"size-full wp-image-136182\" \/><\/a><p id=\"caption-attachment-136182\" class=\"wp-caption-text\">Ouvir a popula\u00e7\u00e3o \u00e9 a meta das secretarias municipais<\/p><\/div>\n<p>O projeto prev\u00ea a mudan\u00e7a para m\u00e3o \u00fanica da rua ao redor da lagoa, constru\u00e7\u00e3o de ciclofaixa para recrea\u00e7\u00e3o, pista de caminhada, bols\u00f5es de estacionamento, instala\u00e7\u00e3o de academia ao ar livre e espa\u00e7o reservado para a pesca, com maior prote\u00e7\u00e3o, seguran\u00e7a, fiscaliza\u00e7\u00e3o e principalmente a\u00e7\u00f5es para a conscientiza\u00e7\u00e3o sobre o uso adequado do espa\u00e7o p\u00fablico.<\/p>\n<p>\u201cA popula\u00e7\u00e3o deve se acostumar com este tipo de envolvimento. Esta \u00e9 a forma ideal de acertar o projeto, ouvindo os moradores que ir\u00e3o conviver com ele. Para ter resultados, governo e popula\u00e7\u00e3o devem trabalhar juntos\u201d, explica Daniela.<\/p>\n<p>A obra ir\u00e1 possibilitar o retorno da qualidade de vida daquela regi\u00e3o, com melhorias para os moradores e os que buscam lazer e recrea\u00e7\u00e3o no local. A partir desta apresenta\u00e7\u00e3o, a popula\u00e7\u00e3o ter\u00e1 acesso ao material &#8211; que poder\u00e1 sofrer altera\u00e7\u00f5es de acordo com as necessidades do local.<\/p>\n<p>\u201cAt\u00e9 julho \u00e9 prov\u00e1vel que a fase de discuss\u00f5es se encerre, assim ainda este ano poderemos dar in\u00edcio \u00e0 execu\u00e7\u00e3o da obra\u201d, informa o diretor de Planejamento, D\u00e9cio Pradella, que tamb\u00e9m participou da reuni\u00e3o e explicou sobre o trabalho de devolver a qualidade para os bairros de Jundia\u00ed. \u201cAtrav\u00e9s do trabalho em conjunto com todas as secretarias, iremos melhorar a oferta de servi\u00e7os p\u00fablicos nas regi\u00f5es, oferecendo mais seguran\u00e7a e lazer, por exemplo.\u201d<\/p>\n<p><em><strong>Fotos: Paulo Gr\u00e9gio<\/strong><\/em><\/p>\n","protected":false},"excerpt":{"rendered":"<p>A a\u00e7\u00e3o prev\u00ea melhorias ao redor da lagoa; grupo de moradores da regi\u00e3o acompanharam o an\u00fancio<\/p>\n","protected":false},"author":11,"featured_media":0,"comment_status":"closed","ping_status":"closed","sticky":false,"template":"","format":"standard","meta":{"footnotes":""},"categories":[2],"tags":[32],"ods":[],"class_list":["post-52828","post","type-post","status-publish","format-standard","hentry","category-noticias","tag-planejamento-e-meio-ambiente"],"_links":{"self":[{"href":"https:\/\/jundiai.sp.gov.br\/noticias\/wp-json\/wp\/v2\/posts\/52828","targetHints":{"allow":["GET"]}}],"collection":[{"href":"https:\/\/jundiai.sp.gov.br\/noticias\/wp-json\/wp\/v2\/posts"}],"about":[{"href":"https:\/\/jundiai.sp.gov.br\/noticias\/wp-json\/wp\/v2\/types\/post"}],"author":[{"embeddable":true,"href":"https:\/\/jundiai.sp.gov.br\/noticias\/wp-json\/wp\/v2\/users\/11"}],"replies":[{"embeddable":true,"href":"https:\/\/jundiai.sp.gov.br\/noticias\/wp-json\/wp\/v2\/comments?post=52828"}],"version-history":[{"count":2,"href":"https:\/\/jundiai.sp.gov.br\/noticias\/wp-json\/wp\/v2\/posts\/52828\/revisions"}],"predecessor-version":[{"id":136183,"href":"https:\/\/jundiai.sp.gov.br\/noticias\/wp-json\/wp\/v2\/posts\/52828\/revisions\/136183"}],"wp:attachment":[{"href":"https:\/\/jundiai.sp.gov.br\/noticias\/wp-json\/wp\/v2\/media?parent=52828"}],"wp:term":[{"taxonomy":"category","embeddable":true,"href":"https:\/\/jundiai.sp.gov.br\/noticias\/wp-json\/wp\/v2\/categories?post=52828"},{"taxonomy":"post_tag","embeddable":true,"href":"https:\/\/jundiai.sp.gov.br\/noticias\/wp-json\/wp\/v2\/tags?post=52828"},{"taxonomy":"ods","embeddable":true,"href":"https:\/\/jundiai.sp.gov.br\/noticias\/wp-json\/wp\/v2\/ods?post=52828"}],"curies":[{"name":"wp","href":"https:\/\/api.w.org\/{rel}","templated":true}]}}